{"id":36357,"date":"2026-02-18T14:28:29","date_gmt":"2026-02-18T12:28:29","guid":{"rendered":"https:\/\/bisbalpenedes.com\/web\/?p=36357"},"modified":"2026-02-18T15:31:19","modified_gmt":"2026-02-18T13:31:19","slug":"la-bisbal-del-penedes-commemorara-els-150-anys-del-naixement-de-mossen-josep-bundo-i-el-centenari-de-la-restauracio-de-lermita-de-santa-cristina","status":"publish","type":"post","link":"https:\/\/bisbalpenedes.com\/web\/2026\/02\/18\/la-bisbal-del-penedes-commemorara-els-150-anys-del-naixement-de-mossen-josep-bundo-i-el-centenari-de-la-restauracio-de-lermita-de-santa-cristina\/","title":{"rendered":"Crida a la ciutadania per recollir fotografies, escrits i records que permetin fer una reedici\u00f3 ampliada del llibret \u201cSanta Cristina Hist\u00f2rica\u201d"},"content":{"rendered":"\n<p>Aquest 2026 es compleixen 150 anys del naixement de moss\u00e8n Josep Bund\u00f3 i Vidal, impulsor de la restauraci\u00f3 de l\u2019ermita de Santa Cristina, que a principis del segle XX es trobava en estat de deteriorament avan\u00e7at. Gr\u00e0cies a la seva iniciativa i dedicaci\u00f3, l\u2019ermita va poder ser restaurada i es va obrir de nou al p\u00fablic coincidint amb la Pasqua de 1926. Enguany, per tant, tamb\u00e9 se celebra el centenari d\u2019aquella restauraci\u00f3.<\/p>\n\n\n\n<p>Amb motiu d\u2019aquesta doble efem\u00e8ride, l\u2019Ajuntament de la Bisbal del Pened\u00e8s vol reeditar el llibret \u201cSanta Cristina Hist\u00f2rica\u201d, publicat l\u2019any 1992. Es tracta d\u2019un recull de mem\u00f2ries que moss\u00e8n Bund\u00f3 va escriure durant la d\u00e8cada dels anys cinquanta per a la revista local GERMEN, on relata els treballs de restauraci\u00f3 de l\u2019ermita i el context d\u2019aquell moment.<\/p>\n\n\n\n<p>Per tal d\u2019enriquir aquesta nova edici\u00f3 i oferir una commemoraci\u00f3 m\u00e9s completa, es vol ampliar la publicaci\u00f3 amb fotografies de moss\u00e8n Bund\u00f3, de l\u2019ermita de Santa Cristina i dels aplecs, aix\u00ed com amb informaci\u00f3 i context hist\u00f2ric sobre la seva figura i la seva obra. Per aquest motiu, es fa una crida a totes les persones que pugueu disposar de fotografies, escrits, an\u00e8cdotes o records relacionats amb moss\u00e8n Bund\u00f3, l\u2019ermita o els aplecs, perqu\u00e8 els feu arribar durant aquest mes de febrer al Centre Municipal de Cultura (CMC) o b\u00e9 a trav\u00e9s del correu electr\u00f2nic <a href=\"mailto:biblioteca@bisbalpenedes.com\">biblioteca@bisbalpenedes.com<\/a><\/p>\n\n\n\n<hr class=\"wp-block-separator has-alpha-channel-opacity\"\/>\n\n\n\n<h3>L<strong>lamamiento a la ciudadan\u00eda para recoger fotograf\u00edas, escritos y recuerdos que permitan hacer una reedici\u00f3n ampliada del libreto \u201cSanta Cristina Hist\u00f2rica\u201d<\/strong><\/h3>\n\n\n\n<p>Este 2026 se cumplen 150 a\u00f1os del nacimiento de <em>moss\u00e8n<\/em> Josep Bund\u00f3 i Vidal, impulsor de la restauraci\u00f3n de la ermita de Santa Cristina, que a principios del siglo XX se encontraba en estado de deterioro avanzado. Gracias a su iniciativa y dedicaci\u00f3n, la ermita pudo ser restaurada y se abri\u00f3 de nuevo al p\u00fablico coincidiendo con la Pascua de 1926. Este a\u00f1o, por tanto, tambi\u00e9n se celebra el centenario de aquella restauraci\u00f3n.<\/p>\n\n\n\n<p>Con motivo de esta doble efem\u00e9ride, el Ajuntament de la Bisbal del Pened\u00e8s quiere reeditar el libreto \u201cSanta Cristina Hist\u00f2rica\u201d, publicado en 1992. Se trata de un recopilatorio de memorias que <em>moss\u00e8n<\/em> Bund\u00f3 escribi\u00f3 durante la d\u00e9cada de los a\u00f1os cincuenta para la revista local GERMEN, donde relata los trabajos de restauraci\u00f3n de la ermita y el contexto de aquel momento.<\/p>\n\n\n\n<p>Con el fin de enriquecer esta nueva edici\u00f3n y ofrecer una conmemoraci\u00f3n m\u00e1s completa, se quiere ampliar la publicaci\u00f3n con fotograf\u00edas de <span style=\"text-decoration: underline;\"><em>moss\u00e8n<\/em><\/span> Bund\u00f3, de la ermita de Santa Cristina y de los <em>aplecs<\/em>, as\u00ed como con informaci\u00f3n y contexto hist\u00f3rico sobre su figura y su obra. Por este motivo, se hace un llamamiento a todas las personas que pod\u00e1is disponer de fotograf\u00edas, escritos, an\u00e9cdotas o recuerdos relacionados con <em>moss\u00e8n<\/em> Bund\u00f3, la ermita o los <em>aplecs<\/em>, para que los hag\u00e1is llegar durante este mes de febrero al Centre Municipal de Cultura (CMC) o bien a trav\u00e9s del correo electr\u00f3nico <a href=\"mailto:biblioteca@bisbalpenedes.com\">biblioteca@bisbalpenedes.com<\/a><\/p>\n","protected":false},"excerpt":{"rendered":"<p>Aquest 2026 es compleixen 150 anys del naixement de moss\u00e8n Josep Bund\u00f3 i Vidal, impulsor de la restauraci\u00f3 de l\u2019ermita de Santa Cristina, que a principis del segle XX es &hellip; <a href=\"https:\/\/bisbalpenedes.com\/web\/2026\/02\/18\/la-bisbal-del-penedes-commemorara-els-150-anys-del-naixement-de-mossen-josep-bundo-i-el-centenari-de-la-restauracio-de-lermita-de-santa-cristina\/\" class=\"more-link\">Read More<\/a><\/p>\n","protected":false},"author":4,"featured_media":36371,"comment_status":"closed","ping_status":"closed","sticky":false,"template":"","format":"standard","meta":[],"categories":[13,8],"tags":[459,2944,393,7352,7351,1374],"_links":{"self":[{"href":"https:\/\/bisbalpenedes.com\/web\/wp-json\/wp\/v2\/posts\/36357"}],"collection":[{"href":"https:\/\/bisbalpenedes.com\/web\/wp-json\/wp\/v2\/posts"}],"about":[{"href":"https:\/\/bisbalpenedes.com\/web\/wp-json\/wp\/v2\/types\/post"}],"author":[{"embeddable":true,"href":"https:\/\/bisbalpenedes.com\/web\/wp-json\/wp\/v2\/users\/4"}],"replies":[{"embeddable":true,"href":"https:\/\/bisbalpenedes.com\/web\/wp-json\/wp\/v2\/comments?post=36357"}],"version-history":[{"count":2,"href":"https:\/\/bisbalpenedes.com\/web\/wp-json\/wp\/v2\/posts\/36357\/revisions"}],"predecessor-version":[{"id":36360,"href":"https:\/\/bisbalpenedes.com\/web\/wp-json\/wp\/v2\/posts\/36357\/revisions\/36360"}],"wp:featuredmedia":[{"embeddable":true,"href":"https:\/\/bisbalpenedes.com\/web\/wp-json\/wp\/v2\/media\/36371"}],"wp:attachment":[{"href":"https:\/\/bisbalpenedes.com\/web\/wp-json\/wp\/v2\/media?parent=36357"}],"wp:term":[{"taxonomy":"category","embeddable":true,"href":"https:\/\/bisbalpenedes.com\/web\/wp-json\/wp\/v2\/categories?post=36357"},{"taxonomy":"post_tag","embeddable":true,"href":"https:\/\/bisbalpenedes.com\/web\/wp-json\/wp\/v2\/tags?post=36357"}],"curies":[{"name":"wp","href":"https:\/\/api.w.org\/{rel}","templated":true}]}}