{"id":36354,"date":"2026-02-19T18:03:28","date_gmt":"2026-02-19T16:03:28","guid":{"rendered":"https:\/\/bisbalpenedes.com\/web\/?p=36354"},"modified":"2026-02-19T18:03:29","modified_gmt":"2026-02-19T16:03:29","slug":"saprova-el-pla-de-seguretat-i-salut-de-les-obres-del-nou-aparcament-de-la-riba","status":"publish","type":"post","link":"https:\/\/bisbalpenedes.com\/web\/2026\/02\/19\/saprova-el-pla-de-seguretat-i-salut-de-les-obres-del-nou-aparcament-de-la-riba\/","title":{"rendered":"<strong>S\u2019aprova el Pla de seguretat i salut de les obres del nou aparcament de la Riba<\/strong>"},"content":{"rendered":"\n<p>El 5 de febrer, per Decret d\u2019alcaldia, es va aprovar el Pla de seguretat i salut de les obres del nou aparcament de la Riba. Aquest document va ser presentat per l\u2019empresa adjudicat\u00e0ria de les obres, Reciclatges Pened\u00e8s SL, i compta amb els informes favorables dels t\u00e8cnics municipals, fet que ha perm\u00e8s la seva aprovaci\u00f3. Amb aquest tr\u00e0mit, es podr\u00e0 formalitzar l\u2019acta de comprovaci\u00f3 del replanteig i iniciar les obres en les properes setmanes.<\/p>\n\n\n\n<p>El nou aparcament p\u00fablic tindr\u00e0 58 places, dues de les quals adaptades, i donar\u00e0 resposta a les necessitats d\u2019estacionament del barri, consolidant un espai que ja funcionava com a aparcament provisional des del febrer de 2024.<\/p>\n\n\n\n<p>El projecte aposta per criteris de sostenibilitat i integraci\u00f3 paisatg\u00edstica, amb una superf\u00edcie total de 1.632,60 m\u00b2. El paviment de la zona d\u2019estacionament ser\u00e0 de saul\u00f3, un material natural, transpirable i permeable, mentre que la zona de circulaci\u00f3 utilitzar\u00e0 un saul\u00f3 espec\u00edfic per al tr\u00e0nsit rodat i la vorera es pavimentar\u00e0 amb panot. La separaci\u00f3 amb les parcel\u00b7les agr\u00edcoles es far\u00e0 amb gabions de pedra seca i totes les places disposaran d\u2019elements delimitadors. Pel que fa a la il\u00b7luminaci\u00f3, s\u2019instal\u00b7laran sis fanals amb llumeneres alimentades amb energia fotovoltaica i detectors de pres\u00e8ncia, reduint aix\u00ed la contaminaci\u00f3 lum\u00ednica.<\/p>\n\n\n\n<hr class=\"wp-block-separator has-alpha-channel-opacity\"\/>\n\n\n\n<h3><strong>Se aprueba el Plan de seguridad y salud de las obras del nuevo aparcamiento de la Riba<\/strong><\/h3>\n\n\n\n<p>El 5 de febrero, por Decreto de Alcald\u00eda, se aprob\u00f3 el Plan de seguridad y salud de las obras del nuevo aparcamiento de la Riba. Este documento fue presentado por la empresa adjudicataria de las obras, Reciclatges Pened\u00e8s SL, y cuenta con los informes favorables de los t\u00e9cnicos municipales, lo que ha permitido su aprobaci\u00f3n. Con este tr\u00e1mite, se podr\u00e1 formalizar el acta de comprobaci\u00f3n del replanteo e iniciar las obras en las pr\u00f3ximas semanas.<\/p>\n\n\n\n<p>El nuevo aparcamiento p\u00fablico contar\u00e1 con 58 plazas, dos de ellas adaptadas, y dar\u00e1 respuesta a las necesidades de estacionamiento del barrio, consolidando un espacio que ya funcionaba como aparcamiento provisional desde febrero de 2024.<\/p>\n\n\n\n<p>El proyecto apuesta por criterios de sostenibilidad e integraci\u00f3n paisaj\u00edstica, con una superficie total de 1.632,60 m\u00b2. El pavimento de la zona de estacionamiento ser\u00e1 de sabl\u00f3n, un material natural, transpirable y permeable, mientras que la zona de circulaci\u00f3n utilizar\u00e1 un sabl\u00f3n espec\u00edfico para el tr\u00e1fico rodado y la acera se pavimentar\u00e1 con loseta (<em>panot<\/em>). La separaci\u00f3n con las parcelas agr\u00edcolas se realizar\u00e1 con gaviones de piedra seca y todas las plazas dispondr\u00e1n de elementos delimitadores. En cuanto a la iluminaci\u00f3n, se instalar\u00e1n seis farolas con luminarias alimentadas con energ\u00eda fotovoltaica y detectores de presencia, reduciendo as\u00ed la contaminaci\u00f3n lum\u00ednica.<\/p>\n","protected":false},"excerpt":{"rendered":"<p>El 5 de febrer, per Decret d\u2019alcaldia, es va aprovar el Pla de seguretat i salut de les obres del nou aparcament de la Riba. Aquest document va ser presentat &hellip; <a href=\"https:\/\/bisbalpenedes.com\/web\/2026\/02\/19\/saprova-el-pla-de-seguretat-i-salut-de-les-obres-del-nou-aparcament-de-la-riba\/\" class=\"more-link\">Read More<\/a><\/p>\n","protected":false},"author":4,"featured_media":35813,"comment_status":"closed","ping_status":"closed","sticky":false,"template":"","format":"standard","meta":[],"categories":[8,6393],"tags":[393,21,1269,4585,1336],"_links":{"self":[{"href":"https:\/\/bisbalpenedes.com\/web\/wp-json\/wp\/v2\/posts\/36354"}],"collection":[{"href":"https:\/\/bisbalpenedes.com\/web\/wp-json\/wp\/v2\/posts"}],"about":[{"href":"https:\/\/bisbalpenedes.com\/web\/wp-json\/wp\/v2\/types\/post"}],"author":[{"embeddable":true,"href":"https:\/\/bisbalpenedes.com\/web\/wp-json\/wp\/v2\/users\/4"}],"replies":[{"embeddable":true,"href":"https:\/\/bisbalpenedes.com\/web\/wp-json\/wp\/v2\/comments?post=36354"}],"version-history":[{"count":1,"href":"https:\/\/bisbalpenedes.com\/web\/wp-json\/wp\/v2\/posts\/36354\/revisions"}],"predecessor-version":[{"id":36355,"href":"https:\/\/bisbalpenedes.com\/web\/wp-json\/wp\/v2\/posts\/36354\/revisions\/36355"}],"wp:featuredmedia":[{"embeddable":true,"href":"https:\/\/bisbalpenedes.com\/web\/wp-json\/wp\/v2\/media\/35813"}],"wp:attachment":[{"href":"https:\/\/bisbalpenedes.com\/web\/wp-json\/wp\/v2\/media?parent=36354"}],"wp:term":[{"taxonomy":"category","embeddable":true,"href":"https:\/\/bisbalpenedes.com\/web\/wp-json\/wp\/v2\/categories?post=36354"},{"taxonomy":"post_tag","embeddable":true,"href":"https:\/\/bisbalpenedes.com\/web\/wp-json\/wp\/v2\/tags?post=36354"}],"curies":[{"name":"wp","href":"https:\/\/api.w.org\/{rel}","templated":true}]}}