{"id":36347,"date":"2026-02-18T13:20:03","date_gmt":"2026-02-18T11:20:03","guid":{"rendered":"https:\/\/bisbalpenedes.com\/web\/?p=36347"},"modified":"2026-02-18T13:25:05","modified_gmt":"2026-02-18T11:25:05","slug":"saprova-la-subvencio-nominativa-a-lescola-ull-de-vent-per-a-lany-2026-per-al-projecte-evaludens","status":"publish","type":"post","link":"https:\/\/bisbalpenedes.com\/web\/2026\/02\/18\/saprova-la-subvencio-nominativa-a-lescola-ull-de-vent-per-a-lany-2026-per-al-projecte-evaludens\/","title":{"rendered":"S\u2019aprova una subvenci\u00f3 de 8.239,62 \u20ac per a l\u2019escola Ull de Vent destinada al projecte Evaludens"},"content":{"rendered":"\n<p>El 4 de febrer, per Decret d\u2019alcaldia, es va aprovar la concessi\u00f3 d\u2019una subvenci\u00f3 nominativa a l\u2019escola Ull de Vent per a l&#8217;any 2026 destinada al projecte Evaludens, amb un import total de 8.239,62 euros. Aquesta subvenci\u00f3 t\u00e9 com a objectiu fomentar la cultura i la lectura entre l\u2019alumnat, refor\u00e7ant iniciatives educatives que promouen l\u2019expressi\u00f3 oral i la creativitat.<\/p>\n\n\n\n<p>En el marc d\u2019aquest projecte, l\u2019Ajuntament col\u00b7labora amb el centre en la programaci\u00f3 d\u2019espectacles de narraci\u00f3 i tradici\u00f3 oral protagonitzats pels alumnes de sis\u00e8 de prim\u00e0ria, una proposta que fa valdre la paraula, la imaginaci\u00f3 i el patrimoni cultural.<\/p>\n\n\n\n<p>El projecte Evaludens impulsa activitats educatives que connecten l\u2019aprenentatge amb la cultura oral, contribuint al desenvolupament competencial de l\u2019alumnat i fomentant el gust per la lectura.<\/p>\n\n\n\n<hr class=\"wp-block-separator has-alpha-channel-opacity\"\/>\n\n\n\n<h3>Se aprueba una subvenci\u00f3n de 8.239,62 \u20ac para la escuela Ull de Vent destinada al proyecto Evaludens<\/h3>\n\n\n\n<p>El 4 de febrero, por Decreto de alcald\u00eda, se aprob\u00f3 la concesi\u00f3n de una subvenci\u00f3n nominativa a la escuela Ull de Vent para el a\u00f1o 2026 destinada al proyecto Evaludens, con un importe total de 8.239,62 euros. Esta subvenci\u00f3n tiene como objetivo fomentar la cultura y la lectura entre el alumnado, reforzando iniciativas educativas que promueven la expresi\u00f3n oral y la creatividad.<\/p>\n\n\n\n<p>En el marco de este proyecto, el Ayuntamiento colabora con el centro en la programaci\u00f3n de espect\u00e1culos de narraci\u00f3n y tradici\u00f3n oral protagonizados por los alumnos de sexto de primaria, una propuesta que pone en valor la palabra, la imaginaci\u00f3n y el patrimonio cultural.<\/p>\n\n\n\n<p>El proyecto Evaludens impulsa actividades educativas que conectan el aprendizaje con la cultura oral, contribuyendo al desarrollo competencial del alumnado y fomentando el gusto por la lectura.<\/p>\n\n\n\n<p><\/p>\n\n\n\n<p><sup>*Imatge d&#8217;arxiu: Eva Ludens 2024 amb Mon Mas. Espectacle &#8220;A la panxa de l&#8217;ou&#8221;.<\/sup><\/p>\n","protected":false},"excerpt":{"rendered":"<p>El 4 de febrer, per Decret d\u2019alcaldia, es va aprovar la concessi\u00f3 d\u2019una subvenci\u00f3 nominativa a l\u2019escola Ull de Vent per a l&#8217;any 2026 destinada al projecte Evaludens, amb un &hellip; <a href=\"https:\/\/bisbalpenedes.com\/web\/2026\/02\/18\/saprova-la-subvencio-nominativa-a-lescola-ull-de-vent-per-a-lany-2026-per-al-projecte-evaludens\/\" class=\"more-link\">Read More<\/a><\/p>\n","protected":false},"author":4,"featured_media":36350,"comment_status":"closed","ping_status":"closed","sticky":false,"template":"","format":"standard","meta":[],"categories":[3456,8],"tags":[459,7350,6460,7349,393,4560],"_links":{"self":[{"href":"https:\/\/bisbalpenedes.com\/web\/wp-json\/wp\/v2\/posts\/36347"}],"collection":[{"href":"https:\/\/bisbalpenedes.com\/web\/wp-json\/wp\/v2\/posts"}],"about":[{"href":"https:\/\/bisbalpenedes.com\/web\/wp-json\/wp\/v2\/types\/post"}],"author":[{"embeddable":true,"href":"https:\/\/bisbalpenedes.com\/web\/wp-json\/wp\/v2\/users\/4"}],"replies":[{"embeddable":true,"href":"https:\/\/bisbalpenedes.com\/web\/wp-json\/wp\/v2\/comments?post=36347"}],"version-history":[{"count":3,"href":"https:\/\/bisbalpenedes.com\/web\/wp-json\/wp\/v2\/posts\/36347\/revisions"}],"predecessor-version":[{"id":36352,"href":"https:\/\/bisbalpenedes.com\/web\/wp-json\/wp\/v2\/posts\/36347\/revisions\/36352"}],"wp:featuredmedia":[{"embeddable":true,"href":"https:\/\/bisbalpenedes.com\/web\/wp-json\/wp\/v2\/media\/36350"}],"wp:attachment":[{"href":"https:\/\/bisbalpenedes.com\/web\/wp-json\/wp\/v2\/media?parent=36347"}],"wp:term":[{"taxonomy":"category","embeddable":true,"href":"https:\/\/bisbalpenedes.com\/web\/wp-json\/wp\/v2\/categories?post=36347"},{"taxonomy":"post_tag","embeddable":true,"href":"https:\/\/bisbalpenedes.com\/web\/wp-json\/wp\/v2\/tags?post=36347"}],"curies":[{"name":"wp","href":"https:\/\/api.w.org\/{rel}","templated":true}]}}