{"id":36339,"date":"2026-02-18T12:36:16","date_gmt":"2026-02-18T10:36:16","guid":{"rendered":"https:\/\/bisbalpenedes.com\/web\/?p=36339"},"modified":"2026-02-18T12:46:17","modified_gmt":"2026-02-18T10:46:17","slug":"lalcaldessa-en-funcions-judith-vidal-ha-participat-en-una-taula-rodona-durant-la-presentacio-del-llibre-blanc-de-la-immologistica-a-catalunya-2025","status":"publish","type":"post","link":"https:\/\/bisbalpenedes.com\/web\/2026\/02\/18\/lalcaldessa-en-funcions-judith-vidal-ha-participat-en-una-taula-rodona-durant-la-presentacio-del-llibre-blanc-de-la-immologistica-a-catalunya-2025\/","title":{"rendered":"Aquest dilluns l\u2019alcaldessa en funcions ha participat en una taula rodona en el marc de la presentaci\u00f3 del Llibre blanc de la immolog\u00edstica a Catalunya 2025"},"content":{"rendered":"\n<p>L\u2019alcaldessa en funcions de la Bisbal del Pened\u00e8s, Judith Vidal, ha participat aquest dilluns 16 de febrer en la taula rodona \u201cEl paper dels Ajuntaments\u201d en el marc de la presentaci\u00f3 del <a href=\"https:\/\/www.eic.cat\/promocio\/e_coneixement\/docu\/2025_Llibre_Blanc_IMMOLOGISTICA.pdf\">Llibre blanc de la immolog\u00edstica a Catalunya 2025<\/a>, un acte organitzat pel Grup de treball d\u2019immolog\u00edstica dels Enginyers Industrials de Catalunya al Col\u00b7legi d\u2019Enginyers Industrials de Barcelona.<\/p>\n\n\n\n<p>La taula ha estat moderada per S\u00edlvia Solanelles, directora partner a Kora Grup, i tamb\u00e9 hi han participat Josep Llu\u00eds Santamaria, alcalde de Riudellots de la Selva, i Xavi Paz, alcalde de Molins de Rei. Durant la seva intervenci\u00f3, Judith Vidal ha explicat la situaci\u00f3 estrat\u00e8gica de la Bisbal del Pened\u00e8s per al m\u00f3n empresarial i ha destacat la import\u00e0ncia del teixit empresarial tant per a la creaci\u00f3 de llocs de treball com pels ingressos que genera per al municipi. Tamb\u00e9 ha posat sobre la taula la complexitat burocr\u00e0tica que suposen els tr\u00e0mits per a l\u2019atorgament de llic\u00e8ncies d\u2019obres i d\u2019activitat, un fet que alenteix els processos, i ha reclamat que des de l\u2019Estat i la Generalitat es redueixin terminis i s\u2019optimitzin els tr\u00e0mits administratius.<br>L\u2019alcaldessa en funcions, Judith Vidal, considera que \u201cha estat un honor que m\u2019hagin convidat a representar el nostre municipi en aquesta taula rodona, juntament amb altres municipis catalans que compten amb zones industrials i log\u00edstiques referents pel seu disseny, manteniment i model de desenvolupament\u201d.<\/p>\n\n\n\n<p>El Llibre blanc de la immolog\u00edstica a Catalunya 2025 \u00e9s un document que analitza el sector des de l\u2019\u00f2ptica de l\u2019enginyeria, posant en relleu el paper de la immolog\u00edstica com a baula essencial de la ind\u00fastria i com a sector estrat\u00e8gic per al pa\u00eds. El document ofereix una visi\u00f3 integral del s\u00f2l, dels edificis i de les infraestructures log\u00edstiques, amb una perspectiva hist\u00f2rica i de futur, aix\u00ed com criteris t\u00e8cnics, constructius i de sostenibilitat per a la planificaci\u00f3, el disseny i l\u2019optimitzaci\u00f3 dels espais log\u00edstics.<\/p>\n\n\n\n<p>Podeu veure la taula rodona &#8220;El paper dels Ajuntaments&#8221; aqu\u00ed:<\/p>\n\n\n\n<figure class=\"wp-block-embed is-type-video is-provider-youtube wp-block-embed-youtube wp-embed-aspect-16-9 wp-has-aspect-ratio\"><div class=\"wp-block-embed__wrapper\">\n<iframe loading=\"lazy\" title=\"Llibre blanc de la Immolog\u00edstica a Catalunya 2025\" width=\"1170\" height=\"658\" src=\"https:\/\/www.youtube.com\/embed\/Ia7Bt7RYX_c?start=3908&#038;feature=oembed\" frameborder=\"0\" allow=\"accelerometer; autoplay; clipboard-write; encrypted-media; gyroscope; picture-in-picture; web-share\" referrerpolicy=\"strict-origin-when-cross-origin\" allowfullscreen><\/iframe>\n<\/div><\/figure>\n\n\n\n<hr class=\"wp-block-separator has-alpha-channel-opacity\"\/>\n\n\n\n<h4><strong>Este lunes la alcaldesa en funciones ha participado en una mesa redonda en el marco de la presentaci\u00f3n del Llibre blanc de la immolog\u00edstica a Catalunya 2025<\/strong><\/h4>\n\n\n\n<p>La alcaldesa en funciones de la Bisbal del Pened\u00e8s, Judith Vidal, ha participado este lunes 16 de febrero en la mesa redonda \u201cEl papel de los Ayuntamientos\u201d en el marco de la presentaci\u00f3n del <a href=\"https:\/\/www.eic.cat\/promocio\/e_coneixement\/docu\/2025_Llibre_Blanc_IMMOLOGISTICA.pdf\">Llibre blanc de la immolog\u00edstica a Catalunya 2025<\/a>, un acto organizado por el Grup de treball d\u2019immolog\u00edstica dels Enginyers Industrials de Catalunya al Col\u00b7legi d\u2019Enginyers Industrials de Barcelona.<\/p>\n\n\n\n<p>La mesa ha sido moderada por S\u00edlvia Solanelles, directora partner en Kora Grup, y tambi\u00e9n han participado Josep Llu\u00eds Santamaria, alcalde de Riudellots de la Selva, y Xavi Paz, alcalde de Molins de Rei. Durante su intervenci\u00f3n, Judith Vidal ha explicado la situaci\u00f3n estrat\u00e9gica de la Bisbal del Pened\u00e8s para el mundo empresarial y ha destacado la importancia del tejido empresarial tanto para la creaci\u00f3n de puestos de trabajo como por los ingresos que genera para el municipio. Tambi\u00e9n ha puesto sobre la mesa la complejidad burocr\u00e1tica que suponen los tr\u00e1mites para el otorgamiento de licencias de obras y de actividad, un hecho que ralentiza los procesos, y ha reclamado que desde el Estado y la Generalitat se reduzcan plazos y se optimicen los tr\u00e1mites administrativos.<\/p>\n\n\n\n<p>La alcaldesa en funciones, Judith Vidal, considera que \u201cha sido un honor que me hayan invitado a representar a nuestro municipio en esta mesa redonda, junto con otros municipios catalanes que cuentan con zonas industriales y log\u00edsticas referentes por su dise\u00f1o, mantenimiento y modelo de desarrollo\u201d.<\/p>\n\n\n\n<p>El Llibre blanc de la immolog\u00edstica a Catalunya es un documento que analiza el sector desde la \u00f3ptica de la ingenier\u00eda, poniendo en relieve el papel de la inmolog\u00edstica como eslab\u00f3n esencial de la industria y como sector estrat\u00e9gico para el pa\u00eds. El documento ofrece una visi\u00f3n integral del suelo, de los edificios y de las infraestructuras log\u00edsticas, con una perspectiva hist\u00f3rica y de futuro, as\u00ed como criterios t\u00e9cnicos, constructivos y de sostenibilidad para la planificaci\u00f3n, el dise\u00f1o y la optimizaci\u00f3n de los espacios log\u00edsticos.<\/p>\n\n\n\n<p>Pod\u00e9is ver la mesa redonda \u201cEl papel de los Ayuntamientos\u201d en este enlace:<br><a href=\"https:\/\/youtu.be\/Ia7Bt7RYX_c?si=X8Ym8CN5MnXmdGGK&amp;t=3908\">https:\/\/youtu.be\/Ia7Bt7RYX_c?si=X8Ym8CN5MnXmdGGK&amp;t=3908<\/a><\/p>\n","protected":false},"excerpt":{"rendered":"<p>L\u2019alcaldessa en funcions de la Bisbal del Pened\u00e8s, Judith Vidal, ha participat aquest dilluns 16 de febrer en la taula rodona \u201cEl paper dels Ajuntaments\u201d en el marc de la &hellip; <a href=\"https:\/\/bisbalpenedes.com\/web\/2026\/02\/18\/lalcaldessa-en-funcions-judith-vidal-ha-participat-en-una-taula-rodona-durant-la-presentacio-del-llibre-blanc-de-la-immologistica-a-catalunya-2025\/\" class=\"more-link\">Read More<\/a><\/p>\n","protected":false},"author":4,"featured_media":36340,"comment_status":"closed","ping_status":"closed","sticky":false,"template":"","format":"standard","meta":[],"categories":[2057,8],"tags":[7345,7346,393,7348,1374,7347],"_links":{"self":[{"href":"https:\/\/bisbalpenedes.com\/web\/wp-json\/wp\/v2\/posts\/36339"}],"collection":[{"href":"https:\/\/bisbalpenedes.com\/web\/wp-json\/wp\/v2\/posts"}],"about":[{"href":"https:\/\/bisbalpenedes.com\/web\/wp-json\/wp\/v2\/types\/post"}],"author":[{"embeddable":true,"href":"https:\/\/bisbalpenedes.com\/web\/wp-json\/wp\/v2\/users\/4"}],"replies":[{"embeddable":true,"href":"https:\/\/bisbalpenedes.com\/web\/wp-json\/wp\/v2\/comments?post=36339"}],"version-history":[{"count":5,"href":"https:\/\/bisbalpenedes.com\/web\/wp-json\/wp\/v2\/posts\/36339\/revisions"}],"predecessor-version":[{"id":36345,"href":"https:\/\/bisbalpenedes.com\/web\/wp-json\/wp\/v2\/posts\/36339\/revisions\/36345"}],"wp:featuredmedia":[{"embeddable":true,"href":"https:\/\/bisbalpenedes.com\/web\/wp-json\/wp\/v2\/media\/36340"}],"wp:attachment":[{"href":"https:\/\/bisbalpenedes.com\/web\/wp-json\/wp\/v2\/media?parent=36339"}],"wp:term":[{"taxonomy":"category","embeddable":true,"href":"https:\/\/bisbalpenedes.com\/web\/wp-json\/wp\/v2\/categories?post=36339"},{"taxonomy":"post_tag","embeddable":true,"href":"https:\/\/bisbalpenedes.com\/web\/wp-json\/wp\/v2\/tags?post=36339"}],"curies":[{"name":"wp","href":"https:\/\/api.w.org\/{rel}","templated":true}]}}