{"id":36333,"date":"2026-02-18T12:07:39","date_gmt":"2026-02-18T10:07:39","guid":{"rendered":"https:\/\/bisbalpenedes.com\/web\/?p=36333"},"modified":"2026-02-18T12:33:24","modified_gmt":"2026-02-18T10:33:24","slug":"el-ple-aprova-per-unanimitat-el-conveni-per-al-transport-urba-a-la-bisbal-del-penedes","status":"publish","type":"post","link":"https:\/\/bisbalpenedes.com\/web\/2026\/02\/18\/el-ple-aprova-per-unanimitat-el-conveni-per-al-transport-urba-a-la-bisbal-del-penedes\/","title":{"rendered":"<strong>El Ple aprova per unanimitat el conveni per al transport urb\u00e0 a la Bisbal del Pened\u00e8s<\/strong>"},"content":{"rendered":"\n<p><strong>El servei incorporar\u00e0 un bus addicional al mat\u00ed i un al migdia per millorar la connexi\u00f3 amb l&#8217;institut Coster de la Torre<\/strong><\/p>\n\n\n\n<p>El Ple extraordinari celebrat el 9 de febrer va aprovar, per unanimitat, el nou conveni del transport urb\u00e0, que fixa una despesa de 288.121,44 \u20ac per a l&#8217;any 2026 i incorpora un bus addicional al mat\u00ed i un al migdia per refor\u00e7ar el servei cap a l&#8217;institut Coster de la Torre. El conveni tindr\u00e0 vig\u00e8ncia fins al 31 d&#8217;octubre de 2028.<\/p>\n\n\n\n<p>Es tracta d&#8217;un acord interadministratiu que integra totes les addendes aprovades fins ara i incorpora una nova millora: un bus addicional al mat\u00ed i al migdia per refor\u00e7ar la comunicaci\u00f3 fins a l\u2019institut Coster de la Torre. Aquesta ampliaci\u00f3 donar\u00e0 cobertura a la l\u00ednia que connecta Santa Cristina, la Masieta, l\u2019Esplai, Can Gordei i la Miralba, facilitant l\u2019acc\u00e9s dels estudiants al centre educatiu.<\/p>\n\n\n\n<p>El nou conveni es va aprovar la setmana passada perqu\u00e8 a mitjans de l&#8217;any passat va v\u00e8ncer l&#8217;addenda al conveni vigent i, fins a aquest gener, s&#8217;han estat fent les gestions fins a tenir el document definitiu. El passat 20 de gener, el Departament de Territori, Habitatge i Transici\u00f3 Ecol\u00f2gica de la Generalitat de Catalunya va entrar el conveni per registre i, aquest dilluns, s&#8217;ha elevat al Ple.<\/p>\n\n\n\n<p>Durant el Ple, l&#8217;alcaldessa en funcions, Judith Vidal, va explicar que el transport urb\u00e0 s&#8217;ha anat consolidant i ampliant progressivament des de fa cinc anys: &#8220;el 2021 es va aprovar el primer conveni de col\u00b7laboraci\u00f3 amb el Departament de Territori i Sostenibilitat, l&#8217;Autoritat Territorial de la Mobilitat del Camp de Tarragona i l&#8217;empresa Autocars \u00cdzaro, S.A. per incloure el bus urb\u00e0 del municipi dins del conveni comarcal&#8221;, incorporant aix\u00ed millores destacables, com ara els viatges directes d\u2019anada i tornada des de les urbanitzacions fins a l\u2019hospital, sense necessitat de despla\u00e7ar-se pr\u00e8viament al nucli. Tamb\u00e9 es van ampliar els trajectes cap al Vendrell i es va afegir la parada del Papagai. Posteriorment, els anys 2023 i 2024 es van afegir m\u00e9s viatges, la parada de l&#8217;Ortig\u00f3s i l&#8217;arribada a la zona escolar del Vendrell perqu\u00e8 els joves de la Bisbal poguessin cursar batxillerat art\u00edstic o cicles formatius, ja que &#8220;aquests estudis no s\u00f3n ensenyaments obligatoris i la Generalitat no hi aporta recursos&#8221;.<\/p>\n\n\n\n<p>Vidal tamb\u00e9 va remarcar que des de l&#8217;any 2021 el nombre d&#8217;usuaris i usu\u00e0ries del servei s&#8217;ha incrementat de manera exponencial, amb m\u00e9s de 1.000 usuaris mensuals actualment, un augment que la batllessa en funcions va afirmar que &#8220;evidencia la necessitat de continuar potenciant el servei amb m\u00e9s freq\u00fc\u00e8ncies i millores, aix\u00ed com amb el comprom\u00eds del municipi amb la sostenibilitat i la lluita contra l&#8217;emerg\u00e8ncia clim\u00e0tica&#8221;. Vidal va afegir que &#8220;en cas que en el futur es plantegin noves millores, aquestes es podran incorporar mitjan\u00e7ant les corresponents addendes al conveni&#8221;.<\/p>\n\n\n\n<p>El conveni aprovat aquest dilluns \u00e9s fruit del treball conjunt entre la Regidoria de Mobilitat de l&#8217;Ajuntament de la Bisbal del Pened\u00e8s i el Departament de Territori, Habitatge i Transici\u00f3 Ecol\u00f2gica de la Generalitat de Catalunya, el Consorci del Transport P\u00fablic del Camp de Tarragona, l&#8217;Autoritat Territorial de la Mobilitat del Camp de Tarragona i l&#8217;empresa Autocars \u00cdzaro, S.A. L&#8217;Ajuntament de la Bisbal del Pened\u00e8s assumir\u00e0 el finan\u00e7ament de la prestaci\u00f3 del servei de transport. La despesa anual m\u00e0xima fixada per als anys 2026 i 2027 ascendeix a 288.121,44 \u20ac. L&#8217;any 2028, l&#8217;aportaci\u00f3 m\u00e0xima ser\u00e0 de 240.101,20 \u20ac.<\/p>\n\n\n\n<hr class=\"wp-block-separator has-alpha-channel-opacity\"\/>\n\n\n\n<h3><strong>El Pleno aprueba por unanimidad el convenio para el transporte urbano en la Bisbal del Pened\u00e8s<\/strong><\/h3>\n\n\n\n<h4><strong>El servicio incorporar\u00e1 un bus adicional por la ma\u00f1ana y otro al mediod\u00eda para mejorar la conexi\u00f3n con el instituto Coster de la Torre<\/strong><\/h4>\n\n\n\n<p>El Pleno extraordinario celebrado el 9 de febrero aprob\u00f3, por unanimidad, el nuevo convenio del transporte urbano, que fija un gasto de 288.121,44 \u20ac para el a\u00f1o 2026 e incorpora un bus adicional por la ma\u00f1ana y otro al mediod\u00eda para reforzar el servicio hacia el instituto Coster de la Torre. El convenio tendr\u00e1 vigencia hasta el 31 de octubre de 2028.<\/p>\n\n\n\n<p>Se trata de un acuerdo interadministrativo que integra todas las adendas aprobadas hasta ahora e incorpora una nueva mejora: un bus adicional por la ma\u00f1ana y al mediod\u00eda para reforzar la comunicaci\u00f3n hasta el instituto Coster de la Torre. Esta ampliaci\u00f3n dar\u00e1 cobertura a la l\u00ednea que conecta Santa Cristina, la Masieta, l\u2019Esplai, Can Gordei y la Miralba, facilitando el acceso de los estudiantes al centro educativo.<\/p>\n\n\n\n<p>El nuevo convenio se aprob\u00f3 la semana pasada porque a mediados del a\u00f1o pasado venci\u00f3 la adenda al convenio vigente y, hasta este enero, se han estado realizando las gestiones hasta disponer del documento definitivo. El pasado 20 de enero, el Departament de Territori, Habitatge i Transici\u00f3 Ecol\u00f2gica de la Generalitat de Catalunya registr\u00f3 el convenio y, este lunes, se elev\u00f3 al Pleno.<\/p>\n\n\n\n<p>Durante el Pleno, la alcaldesa en funciones, Judith Vidal, explic\u00f3 que el transporte urbano se ha ido consolidando y ampliando progresivamente desde hace cinco a\u00f1os: \u201cen 2021 se aprob\u00f3 el primer convenio de colaboraci\u00f3n con el Departament de Territori i Sostenibilitat, la Autoritat Territorial de la Mobilitat del Camp de Tarragona y la empresa Autocars \u00cdzaro, S.A. para incluir el bus urbano del municipio dentro del convenio comarcal\u201d, incorporando as\u00ed mejoras destacables, como los viajes directos de ida y vuelta desde las urbanizaciones hasta el hospital, sin necesidad de desplazarse previamente al n\u00facleo. Tambi\u00e9n se ampliaron los trayectos hacia El Vendrell y se a\u00f1adi\u00f3 la parada del Papagai. Posteriormente, en los a\u00f1os 2023 y 2024 se a\u00f1adieron m\u00e1s viajes, la parada de l\u2019Ortig\u00f3s y la llegada a la zona escolar de El Vendrell para que los j\u00f3venes de la Bisbal pudieran cursar bachillerato art\u00edstico o ciclos formativos, ya que \u201cestos estudios no son ense\u00f1anzas obligatorias y la Generalitat no aporta recursos\u201d.<\/p>\n\n\n\n<p>Vidal tambi\u00e9n remarc\u00f3 que desde el a\u00f1o 2021 el n\u00famero de usuarios y usuarias del servicio se ha incrementado de manera exponencial, con m\u00e1s de 1.000 usuarios mensuales actualmente, un aumento que la alcaldesa en funciones afirm\u00f3 que \u201cevidencia la necesidad de continuar potenciando el servicio con m\u00e1s frecuencias y mejoras, as\u00ed como con el compromiso del municipio con la sostenibilidad y la lucha contra la emergencia clim\u00e1tica\u201d. Vidal a\u00f1adi\u00f3 que \u201cen caso de que en el futuro se planteen nuevas mejoras, estas se podr\u00e1n incorporar mediante las correspondientes adendas al convenio\u201d.<\/p>\n\n\n\n<p>El convenio aprobado este lunes es fruto del trabajo conjunto entre la Concejal\u00eda de Movilidad del Ajuntament de la Bisbal del Pened\u00e8s y el Departament de Territori, Habitatge i Transici\u00f3 Ecol\u00f2gica de la Generalitat de Catalunya, el Consorci del Transport P\u00fablic del Camp de Tarragona, la Autoritat Territorial de la Mobilitat del Camp de Tarragona y la empresa Autocars \u00cdzaro, S.A. El Ajuntament de la Bisbal del Pened\u00e8s asumir\u00e1 la financiaci\u00f3n de la prestaci\u00f3n del servicio de transporte. El gasto anual m\u00e1ximo fijado para los a\u00f1os 2026 y 2027 asciende a 288.121,44 \u20ac. En el a\u00f1o 2028, la aportaci\u00f3n m\u00e1xima ser\u00e1 de 240.101,20 \u20ac.<\/p>\n","protected":false},"excerpt":{"rendered":"<p>El servei incorporar\u00e0 un bus addicional al mat\u00ed i un al migdia per millorar la connexi\u00f3 amb l&#8217;institut Coster de la Torre El Ple extraordinari celebrat el 9 de febrer &hellip; <a href=\"https:\/\/bisbalpenedes.com\/web\/2026\/02\/18\/el-ple-aprova-per-unanimitat-el-conveni-per-al-transport-urba-a-la-bisbal-del-penedes\/\" class=\"more-link\">Read More<\/a><\/p>\n","protected":false},"author":4,"featured_media":36337,"comment_status":"closed","ping_status":"closed","sticky":false,"template":"","format":"standard","meta":[],"categories":[3859,8,2251,2250],"tags":[787,459,821,566,393,1374,423,825],"_links":{"self":[{"href":"https:\/\/bisbalpenedes.com\/web\/wp-json\/wp\/v2\/posts\/36333"}],"collection":[{"href":"https:\/\/bisbalpenedes.com\/web\/wp-json\/wp\/v2\/posts"}],"about":[{"href":"https:\/\/bisbalpenedes.com\/web\/wp-json\/wp\/v2\/types\/post"}],"author":[{"embeddable":true,"href":"https:\/\/bisbalpenedes.com\/web\/wp-json\/wp\/v2\/users\/4"}],"replies":[{"embeddable":true,"href":"https:\/\/bisbalpenedes.com\/web\/wp-json\/wp\/v2\/comments?post=36333"}],"version-history":[{"count":2,"href":"https:\/\/bisbalpenedes.com\/web\/wp-json\/wp\/v2\/posts\/36333\/revisions"}],"predecessor-version":[{"id":36336,"href":"https:\/\/bisbalpenedes.com\/web\/wp-json\/wp\/v2\/posts\/36333\/revisions\/36336"}],"wp:featuredmedia":[{"embeddable":true,"href":"https:\/\/bisbalpenedes.com\/web\/wp-json\/wp\/v2\/media\/36337"}],"wp:attachment":[{"href":"https:\/\/bisbalpenedes.com\/web\/wp-json\/wp\/v2\/media?parent=36333"}],"wp:term":[{"taxonomy":"category","embeddable":true,"href":"https:\/\/bisbalpenedes.com\/web\/wp-json\/wp\/v2\/categories?post=36333"},{"taxonomy":"post_tag","embeddable":true,"href":"https:\/\/bisbalpenedes.com\/web\/wp-json\/wp\/v2\/tags?post=36333"}],"curies":[{"name":"wp","href":"https:\/\/api.w.org\/{rel}","templated":true}]}}