{"id":36330,"date":"2026-02-16T12:57:13","date_gmt":"2026-02-16T10:57:13","guid":{"rendered":"https:\/\/bisbalpenedes.com\/web\/?p=36330"},"modified":"2026-02-16T12:57:14","modified_gmt":"2026-02-16T10:57:14","slug":"avis-per-vent-per-avui-dilluns-16-de-febrer","status":"publish","type":"post","link":"https:\/\/bisbalpenedes.com\/web\/2026\/02\/16\/avis-per-vent-per-avui-dilluns-16-de-febrer\/","title":{"rendered":"Av\u00eds per vent per avui dilluns 16 de febrer"},"content":{"rendered":"\n<p>El Servei Meteorol\u00f2gic de Catalunya ha publicat un av\u00eds per vent per avui dilluns 16 de febrer.<br>Extremeu les precaucions.<\/p>\n\n\n\n<hr class=\"wp-block-separator has-alpha-channel-opacity\"\/>\n\n\n\n<p>El Servei Meteorol\u00f2gic de Catalunya ha publicado un aviso por viento para hoy lunes 16 de febrero.<br>Extremad las precauciones.<\/p>\n\n\n\n<figure class=\"wp-block-image size-large\"><img loading=\"lazy\" width=\"819\" height=\"1024\" src=\"https:\/\/bisbalpenedes.com\/web\/wp-content\/uploads\/2026\/02\/AVIS-VENT-DILLUNS-16-FEBRER-819x1024.jpg\" alt=\"\" class=\"wp-image-36331\" srcset=\"https:\/\/bisbalpenedes.com\/web\/wp-content\/uploads\/2026\/02\/AVIS-VENT-DILLUNS-16-FEBRER-819x1024.jpg 819w, https:\/\/bisbalpenedes.com\/web\/wp-content\/uploads\/2026\/02\/AVIS-VENT-DILLUNS-16-FEBRER-240x300.jpg 240w, https:\/\/bisbalpenedes.com\/web\/wp-content\/uploads\/2026\/02\/AVIS-VENT-DILLUNS-16-FEBRER-768x960.jpg 768w, https:\/\/bisbalpenedes.com\/web\/wp-content\/uploads\/2026\/02\/AVIS-VENT-DILLUNS-16-FEBRER-600x750.jpg 600w, https:\/\/bisbalpenedes.com\/web\/wp-content\/uploads\/2026\/02\/AVIS-VENT-DILLUNS-16-FEBRER.jpg 1080w\" sizes=\"(max-width: 819px) 100vw, 819px\" \/><\/figure>\n","protected":false},"excerpt":{"rendered":"<p>El Servei Meteorol\u00f2gic de Catalunya ha publicat un av\u00eds per vent per avui dilluns 16 de febrer.Extremeu les precaucions. El Servei Meteorol\u00f2gic de Catalunya ha publicado un aviso por viento &hellip; <a href=\"https:\/\/bisbalpenedes.com\/web\/2026\/02\/16\/avis-per-vent-per-avui-dilluns-16-de-febrer\/\" class=\"more-link\">Read More<\/a><\/p>\n","protected":false},"author":4,"featured_media":35841,"comment_status":"closed","ping_status":"closed","sticky":false,"template":"","format":"standard","meta":[],"categories":[1628,2543,8],"tags":[4613,459,393],"_links":{"self":[{"href":"https:\/\/bisbalpenedes.com\/web\/wp-json\/wp\/v2\/posts\/36330"}],"collection":[{"href":"https:\/\/bisbalpenedes.com\/web\/wp-json\/wp\/v2\/posts"}],"about":[{"href":"https:\/\/bisbalpenedes.com\/web\/wp-json\/wp\/v2\/types\/post"}],"author":[{"embeddable":true,"href":"https:\/\/bisbalpenedes.com\/web\/wp-json\/wp\/v2\/users\/4"}],"replies":[{"embeddable":true,"href":"https:\/\/bisbalpenedes.com\/web\/wp-json\/wp\/v2\/comments?post=36330"}],"version-history":[{"count":1,"href":"https:\/\/bisbalpenedes.com\/web\/wp-json\/wp\/v2\/posts\/36330\/revisions"}],"predecessor-version":[{"id":36332,"href":"https:\/\/bisbalpenedes.com\/web\/wp-json\/wp\/v2\/posts\/36330\/revisions\/36332"}],"wp:featuredmedia":[{"embeddable":true,"href":"https:\/\/bisbalpenedes.com\/web\/wp-json\/wp\/v2\/media\/35841"}],"wp:attachment":[{"href":"https:\/\/bisbalpenedes.com\/web\/wp-json\/wp\/v2\/media?parent=36330"}],"wp:term":[{"taxonomy":"category","embeddable":true,"href":"https:\/\/bisbalpenedes.com\/web\/wp-json\/wp\/v2\/categories?post=36330"},{"taxonomy":"post_tag","embeddable":true,"href":"https:\/\/bisbalpenedes.com\/web\/wp-json\/wp\/v2\/tags?post=36330"}],"curies":[{"name":"wp","href":"https:\/\/api.w.org\/{rel}","templated":true}]}}