{"id":36327,"date":"2026-02-14T17:20:11","date_gmt":"2026-02-14T15:20:11","guid":{"rendered":"https:\/\/bisbalpenedes.com\/web\/?p=36327"},"modified":"2026-02-14T17:20:46","modified_gmt":"2026-02-14T15:20:46","slug":"el-carrer-barcelona-estara-tallat-aquest-diumenge-d11-a-19h-amb-motiu-del-dinar-de-carnaval-dels-esventats-i-la-colla-castellera-la-bisbal-del-penedes-bous","status":"publish","type":"post","link":"https:\/\/bisbalpenedes.com\/web\/2026\/02\/14\/el-carrer-barcelona-estara-tallat-aquest-diumenge-d11-a-19h-amb-motiu-del-dinar-de-carnaval-dels-esventats-i-la-colla-castellera-la-bisbal-del-penedes-bous\/","title":{"rendered":"El carrer Barcelona estar\u00e0 tallat aquest diumenge d&#8217;11 a 19h amb motiu del dinar de Carnaval dels Esventats i la Colla Castellera La Bisbal del Pened\u00e8s &#8211; Bous"},"content":{"rendered":"\n<p>Dem\u00e0 diumenge, entre les 11 i les 19 h, el carrer Barcelona estar\u00e0 tallat en el tram compr\u00e8s entre el consultori m\u00e8dic i el local de l\u2019ADF Clot de Bou amb motiu del dinar popular de Carnaval organitzat per la comparsa de l&#8217;associaci\u00f3 de joves Els Esventats amb la col\u00b7laboraci\u00f3 de la Colla Castellera La Bisbal del Pened\u00e8s &#8211; Els Bous.<\/p>\n\n\n\n<hr class=\"wp-block-separator has-alpha-channel-opacity\"\/>\n\n\n\n<p>Ma\u00f1ana domingo, entre las 11 y las 19 h, la calle Barcelona estar\u00e1 cortada en el tramo comprendido entre el consultorio m\u00e9dico y el local de la ADF Clot de Bou con motivo de la comida popular de Carnaval organizada por la comparsa de la asociaci\u00f3n de j\u00f3venes Els Esventats con la colaboraci\u00f3n de la Colla Castellera La Bisbal del Pened\u00e8s &#8211; Els Bous.<\/p>\n","protected":false},"excerpt":{"rendered":"<p>Dem\u00e0 diumenge, entre les 11 i les 19 h, el carrer Barcelona estar\u00e0 tallat en el tram compr\u00e8s entre el consultori m\u00e8dic i el local de l\u2019ADF Clot de Bou &hellip; <a href=\"https:\/\/bisbalpenedes.com\/web\/2026\/02\/14\/el-carrer-barcelona-estara-tallat-aquest-diumenge-d11-a-19h-amb-motiu-del-dinar-de-carnaval-dels-esventats-i-la-colla-castellera-la-bisbal-del-penedes-bous\/\" class=\"more-link\">Read More<\/a><\/p>\n","protected":false},"author":4,"featured_media":36329,"comment_status":"closed","ping_status":"closed","sticky":false,"template":"","format":"standard","meta":[],"categories":[2942,13,20,8],"tags":[2000,459,49,7343,6529,689,393,1374,1381],"_links":{"self":[{"href":"https:\/\/bisbalpenedes.com\/web\/wp-json\/wp\/v2\/posts\/36327"}],"collection":[{"href":"https:\/\/bisbalpenedes.com\/web\/wp-json\/wp\/v2\/posts"}],"about":[{"href":"https:\/\/bisbalpenedes.com\/web\/wp-json\/wp\/v2\/types\/post"}],"author":[{"embeddable":true,"href":"https:\/\/bisbalpenedes.com\/web\/wp-json\/wp\/v2\/users\/4"}],"replies":[{"embeddable":true,"href":"https:\/\/bisbalpenedes.com\/web\/wp-json\/wp\/v2\/comments?post=36327"}],"version-history":[{"count":1,"href":"https:\/\/bisbalpenedes.com\/web\/wp-json\/wp\/v2\/posts\/36327\/revisions"}],"predecessor-version":[{"id":36328,"href":"https:\/\/bisbalpenedes.com\/web\/wp-json\/wp\/v2\/posts\/36327\/revisions\/36328"}],"wp:featuredmedia":[{"embeddable":true,"href":"https:\/\/bisbalpenedes.com\/web\/wp-json\/wp\/v2\/media\/36329"}],"wp:attachment":[{"href":"https:\/\/bisbalpenedes.com\/web\/wp-json\/wp\/v2\/media?parent=36327"}],"wp:term":[{"taxonomy":"category","embeddable":true,"href":"https:\/\/bisbalpenedes.com\/web\/wp-json\/wp\/v2\/categories?post=36327"},{"taxonomy":"post_tag","embeddable":true,"href":"https:\/\/bisbalpenedes.com\/web\/wp-json\/wp\/v2\/tags?post=36327"}],"curies":[{"name":"wp","href":"https:\/\/api.w.org\/{rel}","templated":true}]}}