{"id":36321,"date":"2026-03-02T10:00:00","date_gmt":"2026-03-02T08:00:00","guid":{"rendered":"https:\/\/bisbalpenedes.com\/web\/?p=36321"},"modified":"2026-02-13T20:57:05","modified_gmt":"2026-02-13T18:57:05","slug":"periode-de-preinscripcio-a-lescola-ull-de-vent-del-4-al-18-de-marc","status":"publish","type":"post","link":"https:\/\/bisbalpenedes.com\/web\/2026\/03\/02\/periode-de-preinscripcio-a-lescola-ull-de-vent-del-4-al-18-de-marc\/","title":{"rendered":"Per\u00edode de preinscripci\u00f3 a l&#8217;escola Ull de Vent: del 4 al 18 de mar\u00e7"},"content":{"rendered":"\n<p>Del 4 al 18 de mar\u00e7 estar\u00e0 obert el per\u00edode de preinscripci\u00f3 a l\u2019escola Ull de Vent per al curs 2026-2027.<\/p>\n\n\n\n<p>Les fam\u00edlies interessades poden formalitzar la preinscripci\u00f3 dins d\u2019aquest termini.<\/p>\n\n\n\n<p>Podeu consultar tota la informaci\u00f3 i accedir a la web del centre a:&nbsp;<a href=\"https:\/\/agora.xtec.cat\/ceipulldevent\/\">https:\/\/agora.xtec.cat\/ceipulldevent\/<\/a><\/p>\n\n\n\n<hr class=\"wp-block-separator has-alpha-channel-opacity\"\/>\n\n\n\n<p>Del 4 al 18 de marzo estar\u00e1 abierto el periodo de preinscripci\u00f3n en la escola Ull de Vent para el curso 2026-2027.<\/p>\n\n\n\n<p>Las familias interesadas pueden formalizar la preinscripci\u00f3n dentro de este plazo.<\/p>\n\n\n\n<p>Pod\u00e9is consultar toda la informaci\u00f3n y acceder a la web del centro en:&nbsp;<a href=\"https:\/\/agora.xtec.cat\/ceipulldevent\/\">https:\/\/agora.xtec.cat\/ceipulldevent\/<\/a><\/p>\n","protected":false},"excerpt":{"rendered":"<p>Del 4 al 18 de mar\u00e7 estar\u00e0 obert el per\u00edode de preinscripci\u00f3 a l\u2019escola Ull de Vent per al curs 2026-2027. Les fam\u00edlies interessades poden formalitzar la preinscripci\u00f3 dins d\u2019aquest &hellip; <a href=\"https:\/\/bisbalpenedes.com\/web\/2026\/03\/02\/periode-de-preinscripcio-a-lescola-ull-de-vent-del-4-al-18-de-marc\/\" class=\"more-link\">Read More<\/a><\/p>\n","protected":false},"author":4,"featured_media":36322,"comment_status":"closed","ping_status":"closed","sticky":false,"template":"","format":"standard","meta":[],"categories":[3456,8],"tags":[862,337,393,7342],"_links":{"self":[{"href":"https:\/\/bisbalpenedes.com\/web\/wp-json\/wp\/v2\/posts\/36321"}],"collection":[{"href":"https:\/\/bisbalpenedes.com\/web\/wp-json\/wp\/v2\/posts"}],"about":[{"href":"https:\/\/bisbalpenedes.com\/web\/wp-json\/wp\/v2\/types\/post"}],"author":[{"embeddable":true,"href":"https:\/\/bisbalpenedes.com\/web\/wp-json\/wp\/v2\/users\/4"}],"replies":[{"embeddable":true,"href":"https:\/\/bisbalpenedes.com\/web\/wp-json\/wp\/v2\/comments?post=36321"}],"version-history":[{"count":3,"href":"https:\/\/bisbalpenedes.com\/web\/wp-json\/wp\/v2\/posts\/36321\/revisions"}],"predecessor-version":[{"id":36326,"href":"https:\/\/bisbalpenedes.com\/web\/wp-json\/wp\/v2\/posts\/36321\/revisions\/36326"}],"wp:featuredmedia":[{"embeddable":true,"href":"https:\/\/bisbalpenedes.com\/web\/wp-json\/wp\/v2\/media\/36322"}],"wp:attachment":[{"href":"https:\/\/bisbalpenedes.com\/web\/wp-json\/wp\/v2\/media?parent=36321"}],"wp:term":[{"taxonomy":"category","embeddable":true,"href":"https:\/\/bisbalpenedes.com\/web\/wp-json\/wp\/v2\/categories?post=36321"},{"taxonomy":"post_tag","embeddable":true,"href":"https:\/\/bisbalpenedes.com\/web\/wp-json\/wp\/v2\/tags?post=36321"}],"curies":[{"name":"wp","href":"https:\/\/api.w.org\/{rel}","templated":true}]}}