{"id":3632,"date":"2017-10-23T21:30:27","date_gmt":"2017-10-23T20:30:27","guid":{"rendered":"http:\/\/bisbalpenedes.com\/web\/?p=3632"},"modified":"2017-10-23T21:30:27","modified_gmt":"2017-10-23T20:30:27","slug":"dimecres-25-doctubre-a-les-18h-tindra-lloc-una-sessio-extraordinaria-del-ple-de-lajuntament-de-la-bisbal-del-penedes","status":"publish","type":"post","link":"https:\/\/bisbalpenedes.com\/web\/2017\/10\/23\/dimecres-25-doctubre-a-les-18h-tindra-lloc-una-sessio-extraordinaria-del-ple-de-lajuntament-de-la-bisbal-del-penedes\/","title":{"rendered":"Dimecres 25 d&#8217;octubre a les 18h tindr\u00e0 lloc una sessi\u00f3 extraordin\u00e0ria del Ple de l&#8217;Ajuntament de La Bisbal del Pened\u00e8s"},"content":{"rendered":"<p>Aquest dimecres dia 25 d&#8217;octubre de 2017 a les 18h tindr\u00e0 lloc una sessi\u00f3 extraordin\u00e0ria del Ple\u00a0de l&#8217;Ajuntament de La Bisbal del Pened\u00e8s. Els punts a tractar seran els seg\u00fcents:<\/p>\n<p><strong>ORDRE DEL DIA:<\/strong><\/p>\n<ol>\n<li>Aprovaci\u00f3 de la declaraci\u00f3 d&#8217;urg\u00e8ncia del ple extraordinari.<\/li>\n<li>Aprovaci\u00f3 de la\u00a0moci\u00f3 per aturar la suspensi\u00f3 de l&#8217;Autonomia de Catalunya, presentada pel grup municipal del PdCat.<\/li>\n<li>Aprovaci\u00f3 de la moci\u00f3 &#8216;Encara som a temps: eleccions&#8217;, presentada pel grup municipal del PSC<\/li>\n<li>Informaci\u00f3 de la gesti\u00f3 de FCC, AQUALIA, SA<\/li>\n<\/ol>\n<p><strong>Aclariment:<\/strong><\/p>\n<p>Quant al punt 4 de l&#8217;ordre del dia, aquest versar\u00e0 sobre l&#8217;avaria en la xarxa de subministrament d&#8217;aigua que han patit diversos ve\u00efns de La Bisbal del Pened\u00e8s durant els dies 21, 22 i 23 d&#8217;octubre de 2017 i sobre la gesti\u00f3 que ha fet de l&#8217;empresa FCC, AQUALIA, SA durant la incid\u00e8ncia.<\/p>\n<p>Val a dir que aquest dilluns 23 d&#8217;octubre l&#8217;Ajuntament ha fet una reuni\u00f3 de car\u00e0cter urgent amb Aqualia per analitzar l&#8217;esmentada incid\u00e8ncia i que aquest dijous tindr\u00e0 lloc la Comissi\u00f3 de seguiment d&#8217;Aqualia.<\/p>\n","protected":false},"excerpt":{"rendered":"<p>Aquest dimecres dia 25 d&#8217;octubre de 2017 a les 18h tindr\u00e0 lloc una sessi\u00f3 extraordin\u00e0ria del Ple\u00a0de l&#8217;Ajuntament de La Bisbal del Pened\u00e8s. Els punts a tractar seran els seg\u00fcents: &hellip; <a href=\"https:\/\/bisbalpenedes.com\/web\/2017\/10\/23\/dimecres-25-doctubre-a-les-18h-tindra-lloc-una-sessio-extraordinaria-del-ple-de-lajuntament-de-la-bisbal-del-penedes\/\" class=\"more-link\">Read More<\/a><\/p>\n","protected":false},"author":4,"featured_media":3172,"comment_status":"closed","ping_status":"closed","sticky":false,"template":"","format":"standard","meta":[],"categories":[4],"tags":[874,161,875,649,873,876,877,871,383,243,139,423,878,872],"_links":{"self":[{"href":"https:\/\/bisbalpenedes.com\/web\/wp-json\/wp\/v2\/posts\/3632"}],"collection":[{"href":"https:\/\/bisbalpenedes.com\/web\/wp-json\/wp\/v2\/posts"}],"about":[{"href":"https:\/\/bisbalpenedes.com\/web\/wp-json\/wp\/v2\/types\/post"}],"author":[{"embeddable":true,"href":"https:\/\/bisbalpenedes.com\/web\/wp-json\/wp\/v2\/users\/4"}],"replies":[{"embeddable":true,"href":"https:\/\/bisbalpenedes.com\/web\/wp-json\/wp\/v2\/comments?post=3632"}],"version-history":[{"count":5,"href":"https:\/\/bisbalpenedes.com\/web\/wp-json\/wp\/v2\/posts\/3632\/revisions"}],"predecessor-version":[{"id":3641,"href":"https:\/\/bisbalpenedes.com\/web\/wp-json\/wp\/v2\/posts\/3632\/revisions\/3641"}],"wp:featuredmedia":[{"embeddable":true,"href":"https:\/\/bisbalpenedes.com\/web\/wp-json\/wp\/v2\/media\/3172"}],"wp:attachment":[{"href":"https:\/\/bisbalpenedes.com\/web\/wp-json\/wp\/v2\/media?parent=3632"}],"wp:term":[{"taxonomy":"category","embeddable":true,"href":"https:\/\/bisbalpenedes.com\/web\/wp-json\/wp\/v2\/categories?post=3632"},{"taxonomy":"post_tag","embeddable":true,"href":"https:\/\/bisbalpenedes.com\/web\/wp-json\/wp\/v2\/tags?post=3632"}],"curies":[{"name":"wp","href":"https:\/\/api.w.org\/{rel}","templated":true}]}}