{"id":36297,"date":"2026-02-13T11:09:42","date_gmt":"2026-02-13T09:09:42","guid":{"rendered":"https:\/\/bisbalpenedes.com\/web\/?p=36297"},"modified":"2026-02-13T11:09:43","modified_gmt":"2026-02-13T09:09:43","slug":"la-rua-de-carnaval-de-lescola-ull-de-vent-canvia-de-data-es-fara-el-dimarts-17-de-febrer","status":"publish","type":"post","link":"https:\/\/bisbalpenedes.com\/web\/2026\/02\/13\/la-rua-de-carnaval-de-lescola-ull-de-vent-canvia-de-data-es-fara-el-dimarts-17-de-febrer\/","title":{"rendered":"La rua de Carnaval de l&#8217;escola Ull de Vent canvia de data: es far\u00e0 el dimarts 17 de febrer"},"content":{"rendered":"\n<p>La rua de Carnaval de l\u2019escola Ull de Vent, prevista inicialment per avui divendres 13 de febrer, es trasllada al dimarts 17 de febrer a les 15 h.<\/p>\n\n\n\n<p>Podeu consultar el recorregut de la rua al cartell.<\/p>\n\n\n\n<p>A l\u2019arribada a la Casa de la Vila, hi haur\u00e0 can\u00f3 de confeti i m\u00fasica, a c\u00e0rrec de l\u2019Ajuntament. I la festa continuar\u00e0, en acabar la rua, a l\u2019escola centen\u00e0ria, amb m\u00fasica a c\u00e0rrec d&#8217;un DJ per continuar celebrant el Carnaval.<\/p>\n\n\n\n<p>Us hi esperem per gaudir d\u2019una tarda plena de color, m\u00fasica i alegria!<\/p>\n\n\n\n<hr class=\"wp-block-separator has-alpha-channel-opacity\"\/>\n\n\n\n<p>La &#8216;rua&#8217; de Carnaval de la escuela Ull de Vent, prevista inicialmente para hoy viernes 13 de febrero, se traslada al martes 17 de febrero a las 15 h.<\/p>\n\n\n\n<p>Pod\u00e9is consultar el recorrido del desfile en el cartel.<\/p>\n\n\n\n<p>A la llegada a la Casa de la Vila habr\u00e1 ca\u00f1\u00f3n de confeti y m\u00fasica, a cargo del Ayuntamiento. Y la fiesta continuar\u00e1, al finalizar el desfile, en la escuela centenaria, con m\u00fasica a cargo de un DJ para seguir celebrando el Carnaval.<\/p>\n\n\n\n<p>Os esperamos para disfrutar de una tarde llena de color, m\u00fasica y alegr\u00eda.<\/p>\n","protected":false},"excerpt":{"rendered":"<p>La rua de Carnaval de l\u2019escola Ull de Vent, prevista inicialment per avui divendres 13 de febrer, es trasllada al dimarts 17 de febrer a les 15 h. Podeu consultar &hellip; <a href=\"https:\/\/bisbalpenedes.com\/web\/2026\/02\/13\/la-rua-de-carnaval-de-lescola-ull-de-vent-canvia-de-data-es-fara-el-dimarts-17-de-febrer\/\" class=\"more-link\">Read More<\/a><\/p>\n","protected":false},"author":4,"featured_media":36298,"comment_status":"closed","ping_status":"closed","sticky":false,"template":"","format":"standard","meta":[],"categories":[2942,16,3456,8],"tags":[459,49,337,393,1374,5823],"_links":{"self":[{"href":"https:\/\/bisbalpenedes.com\/web\/wp-json\/wp\/v2\/posts\/36297"}],"collection":[{"href":"https:\/\/bisbalpenedes.com\/web\/wp-json\/wp\/v2\/posts"}],"about":[{"href":"https:\/\/bisbalpenedes.com\/web\/wp-json\/wp\/v2\/types\/post"}],"author":[{"embeddable":true,"href":"https:\/\/bisbalpenedes.com\/web\/wp-json\/wp\/v2\/users\/4"}],"replies":[{"embeddable":true,"href":"https:\/\/bisbalpenedes.com\/web\/wp-json\/wp\/v2\/comments?post=36297"}],"version-history":[{"count":1,"href":"https:\/\/bisbalpenedes.com\/web\/wp-json\/wp\/v2\/posts\/36297\/revisions"}],"predecessor-version":[{"id":36299,"href":"https:\/\/bisbalpenedes.com\/web\/wp-json\/wp\/v2\/posts\/36297\/revisions\/36299"}],"wp:featuredmedia":[{"embeddable":true,"href":"https:\/\/bisbalpenedes.com\/web\/wp-json\/wp\/v2\/media\/36298"}],"wp:attachment":[{"href":"https:\/\/bisbalpenedes.com\/web\/wp-json\/wp\/v2\/media?parent=36297"}],"wp:term":[{"taxonomy":"category","embeddable":true,"href":"https:\/\/bisbalpenedes.com\/web\/wp-json\/wp\/v2\/categories?post=36297"},{"taxonomy":"post_tag","embeddable":true,"href":"https:\/\/bisbalpenedes.com\/web\/wp-json\/wp\/v2\/tags?post=36297"}],"curies":[{"name":"wp","href":"https:\/\/api.w.org\/{rel}","templated":true}]}}