{"id":36289,"date":"2026-02-12T21:55:45","date_gmt":"2026-02-12T19:55:45","guid":{"rendered":"https:\/\/bisbalpenedes.com\/web\/?p=36289"},"modified":"2026-02-12T21:59:31","modified_gmt":"2026-02-12T19:59:31","slug":"talls-daigua-intermitents-a-la-miralba-el-dia-13-de-febrer-i-del-16-al-20-de-febrer-als-matins","status":"publish","type":"post","link":"https:\/\/bisbalpenedes.com\/web\/2026\/02\/12\/talls-daigua-intermitents-a-la-miralba-el-dia-13-de-febrer-i-del-16-al-20-de-febrer-als-matins\/","title":{"rendered":"Talls d&#8217;aigua intermitents a La Miralba el dia 13 de febrer i del 16 al 20 de febrer (als matins)"},"content":{"rendered":"\n<p>Aqualia ens ha informat que aquest divendres 13 de febrer i entre el 16 i el 20 de febrer, durant els matins, s\u2019efectuaran talls intermitents de subministrament d\u2019aigua per l\u2019execuci\u00f3 de tasques de millora de la xarxa.<\/p>\n\n\n\n<p>Aix\u00ed mateix, l&#8217;empresa ha informat que ha efectuat av\u00eds, via SMS, als afectats.<\/p>\n\n\n\n<p>Disculpeu les mol\u00e8sties.<\/p>\n\n\n\n<hr class=\"wp-block-separator has-alpha-channel-opacity\"\/>\n\n\n\n<p>Aqualia nos ha informado de que este viernes 13 de febrero y del 16 al 20 de febrero, durante las ma\u00f1anas, se efectuar\u00e1n cortes intermitentes de suministro de agua por la ejecuci\u00f3n de trabajos de mejora de la red.<\/p>\n\n\n\n<p>Asimismo, la empresa ha informado de que ha efectuado aviso, v\u00eda SMS, a los afectados.<\/p>\n\n\n\n<p>Disculpad las molestias.<\/p>\n\n\n\n<figure class=\"wp-block-image size-large\"><img loading=\"lazy\" width=\"819\" height=\"1024\" src=\"https:\/\/bisbalpenedes.com\/web\/wp-content\/uploads\/2026\/02\/avis-talls-aigua-la-miralba-1-819x1024.jpg\" alt=\"\" class=\"wp-image-36292\" srcset=\"https:\/\/bisbalpenedes.com\/web\/wp-content\/uploads\/2026\/02\/avis-talls-aigua-la-miralba-1-819x1024.jpg 819w, https:\/\/bisbalpenedes.com\/web\/wp-content\/uploads\/2026\/02\/avis-talls-aigua-la-miralba-1-240x300.jpg 240w, https:\/\/bisbalpenedes.com\/web\/wp-content\/uploads\/2026\/02\/avis-talls-aigua-la-miralba-1-768x960.jpg 768w, https:\/\/bisbalpenedes.com\/web\/wp-content\/uploads\/2026\/02\/avis-talls-aigua-la-miralba-1-600x750.jpg 600w, https:\/\/bisbalpenedes.com\/web\/wp-content\/uploads\/2026\/02\/avis-talls-aigua-la-miralba-1.jpg 1080w\" sizes=\"(max-width: 819px) 100vw, 819px\" \/><\/figure>\n","protected":false},"excerpt":{"rendered":"<p>Aqualia ens ha informat que aquest divendres 13 de febrer i entre el 16 i el 20 de febrer, durant els matins, s\u2019efectuaran talls intermitents de subministrament d\u2019aigua per l\u2019execuci\u00f3 &hellip; <a href=\"https:\/\/bisbalpenedes.com\/web\/2026\/02\/12\/talls-daigua-intermitents-a-la-miralba-el-dia-13-de-febrer-i-del-16-al-20-de-febrer-als-matins\/\" class=\"more-link\">Read More<\/a><\/p>\n","protected":false},"author":4,"featured_media":36290,"comment_status":"closed","ping_status":"closed","sticky":false,"template":"","format":"standard","meta":[],"categories":[1628,8,3208,3352],"tags":[459,393,246,1374],"_links":{"self":[{"href":"https:\/\/bisbalpenedes.com\/web\/wp-json\/wp\/v2\/posts\/36289"}],"collection":[{"href":"https:\/\/bisbalpenedes.com\/web\/wp-json\/wp\/v2\/posts"}],"about":[{"href":"https:\/\/bisbalpenedes.com\/web\/wp-json\/wp\/v2\/types\/post"}],"author":[{"embeddable":true,"href":"https:\/\/bisbalpenedes.com\/web\/wp-json\/wp\/v2\/users\/4"}],"replies":[{"embeddable":true,"href":"https:\/\/bisbalpenedes.com\/web\/wp-json\/wp\/v2\/comments?post=36289"}],"version-history":[{"count":2,"href":"https:\/\/bisbalpenedes.com\/web\/wp-json\/wp\/v2\/posts\/36289\/revisions"}],"predecessor-version":[{"id":36293,"href":"https:\/\/bisbalpenedes.com\/web\/wp-json\/wp\/v2\/posts\/36289\/revisions\/36293"}],"wp:featuredmedia":[{"embeddable":true,"href":"https:\/\/bisbalpenedes.com\/web\/wp-json\/wp\/v2\/media\/36290"}],"wp:attachment":[{"href":"https:\/\/bisbalpenedes.com\/web\/wp-json\/wp\/v2\/media?parent=36289"}],"wp:term":[{"taxonomy":"category","embeddable":true,"href":"https:\/\/bisbalpenedes.com\/web\/wp-json\/wp\/v2\/categories?post=36289"},{"taxonomy":"post_tag","embeddable":true,"href":"https:\/\/bisbalpenedes.com\/web\/wp-json\/wp\/v2\/tags?post=36289"}],"curies":[{"name":"wp","href":"https:\/\/api.w.org\/{rel}","templated":true}]}}