{"id":36278,"date":"2026-02-12T21:26:05","date_gmt":"2026-02-12T19:26:05","guid":{"rendered":"https:\/\/bisbalpenedes.com\/web\/?p=36278"},"modified":"2026-02-13T09:58:05","modified_gmt":"2026-02-13T07:58:05","slug":"avisos-per-vent-per-als-dies-12-13-i-14-de-febrer","status":"publish","type":"post","link":"https:\/\/bisbalpenedes.com\/web\/2026\/02\/12\/avisos-per-vent-per-als-dies-12-13-i-14-de-febrer\/","title":{"rendered":"El Servei Meteorol\u00f2gic de Catalunya ha publicat avisos per vent fort que ens afectaran fins al dissabte 14 de febrer"},"content":{"rendered":"\n<p>Durant les darreres hores, Catalunya ha viscut un episodi de vent de risc extrem, amb alertes de perill 6\/6 i mesures de protecci\u00f3 activades fins a les 20 h d&#8217;avui dijous. Ara, el m\u00e9s intens d\u2019aquest temporal ha passat i ja no es mant\u00e9 l\u2019alerta de perill m\u00e0xim.<\/p>\n\n\n\n<p>Tot i aix\u00f2, la previsi\u00f3 meteorol\u00f2gica indica que encara es poden produir episodis de vent en els pr\u00f2xims dies, tot i que no s\u2019esperen ratxes de la mateixa intensitat que les registrades en l\u2019episodi de les darreres hores. Les condicions seran menys adverses, per\u00f2 continua sent important extremar la precauci\u00f3 i seguir les recomanacions de Protecci\u00f3 Civil.<\/p>\n\n\n\n<p>Podeu ampliar la informaci\u00f3 a <a href=\"http:\/\/www.meteo.cat\" target=\"_blank\" rel=\"noreferrer noopener\">www.meteo.cat<\/a><\/p>\n\n\n\n<hr class=\"wp-block-separator has-alpha-channel-opacity\"\/>\n\n\n\n<p>Durante las \u00faltimas horas, Catalu\u00f1a ha vivido un episodio de viento de riesgo extremo, con alertas de peligro 6\/6 y medidas de protecci\u00f3n activadas hasta las 20 h de hoy jueves. Ahora, lo m\u00e1s intenso de este temporal ha pasado y ya no se mantiene la alerta de peligro m\u00e1ximo.<\/p>\n\n\n\n<p>Aun as\u00ed, la previsi\u00f3n meteorol\u00f3gica indica que todav\u00eda se pueden producir episodios de viento en los pr\u00f3ximos d\u00edas, aunque no se esperan rachas de la misma intensidad que las registradas en el episodio de las \u00faltimas horas. Las condiciones ser\u00e1n menos adversas, pero contin\u00faa siendo importante extremar la precauci\u00f3n y seguir las recomendaciones de Protecci\u00f3n Civil.<\/p>\n\n\n\n<p>Pod\u00e9is ampliar la informaci\u00f3n en <a rel=\"noreferrer noopener\" href=\"http:\/\/www.meteo.cat\/\" target=\"_blank\">www.meteo.cat<\/a><\/p>\n\n\n\n<figure class=\"wp-block-image size-large\"><img loading=\"lazy\" width=\"819\" height=\"1024\" src=\"https:\/\/bisbalpenedes.com\/web\/wp-content\/uploads\/2026\/02\/2-1-819x1024.jpg\" alt=\"\" class=\"wp-image-36281\" srcset=\"https:\/\/bisbalpenedes.com\/web\/wp-content\/uploads\/2026\/02\/2-1-819x1024.jpg 819w, https:\/\/bisbalpenedes.com\/web\/wp-content\/uploads\/2026\/02\/2-1-240x300.jpg 240w, https:\/\/bisbalpenedes.com\/web\/wp-content\/uploads\/2026\/02\/2-1-768x960.jpg 768w, https:\/\/bisbalpenedes.com\/web\/wp-content\/uploads\/2026\/02\/2-1-600x750.jpg 600w, https:\/\/bisbalpenedes.com\/web\/wp-content\/uploads\/2026\/02\/2-1.jpg 1080w\" sizes=\"(max-width: 819px) 100vw, 819px\" \/><\/figure>\n\n\n\n<figure class=\"wp-block-image size-large\"><img loading=\"lazy\" width=\"819\" height=\"1024\" src=\"https:\/\/bisbalpenedes.com\/web\/wp-content\/uploads\/2026\/02\/AVIS-PER-VENT-Instagram-Story-Post-de-Instagram-45-4-819x1024.png\" alt=\"\" class=\"wp-image-36294\" srcset=\"https:\/\/bisbalpenedes.com\/web\/wp-content\/uploads\/2026\/02\/AVIS-PER-VENT-Instagram-Story-Post-de-Instagram-45-4-819x1024.png 819w, https:\/\/bisbalpenedes.com\/web\/wp-content\/uploads\/2026\/02\/AVIS-PER-VENT-Instagram-Story-Post-de-Instagram-45-4-240x300.png 240w, https:\/\/bisbalpenedes.com\/web\/wp-content\/uploads\/2026\/02\/AVIS-PER-VENT-Instagram-Story-Post-de-Instagram-45-4-768x960.png 768w, https:\/\/bisbalpenedes.com\/web\/wp-content\/uploads\/2026\/02\/AVIS-PER-VENT-Instagram-Story-Post-de-Instagram-45-4-600x750.png 600w, https:\/\/bisbalpenedes.com\/web\/wp-content\/uploads\/2026\/02\/AVIS-PER-VENT-Instagram-Story-Post-de-Instagram-45-4.png 1080w\" sizes=\"(max-width: 819px) 100vw, 819px\" \/><\/figure>\n\n\n\n<figure class=\"wp-block-image size-large\"><img loading=\"lazy\" width=\"819\" height=\"1024\" src=\"https:\/\/bisbalpenedes.com\/web\/wp-content\/uploads\/2026\/02\/AVIS-PER-VENT-Instagram-Story-Post-de-Instagram-45-3-819x1024.png\" alt=\"\" class=\"wp-image-36295\" srcset=\"https:\/\/bisbalpenedes.com\/web\/wp-content\/uploads\/2026\/02\/AVIS-PER-VENT-Instagram-Story-Post-de-Instagram-45-3-819x1024.png 819w, https:\/\/bisbalpenedes.com\/web\/wp-content\/uploads\/2026\/02\/AVIS-PER-VENT-Instagram-Story-Post-de-Instagram-45-3-240x300.png 240w, https:\/\/bisbalpenedes.com\/web\/wp-content\/uploads\/2026\/02\/AVIS-PER-VENT-Instagram-Story-Post-de-Instagram-45-3-768x960.png 768w, https:\/\/bisbalpenedes.com\/web\/wp-content\/uploads\/2026\/02\/AVIS-PER-VENT-Instagram-Story-Post-de-Instagram-45-3-600x750.png 600w, https:\/\/bisbalpenedes.com\/web\/wp-content\/uploads\/2026\/02\/AVIS-PER-VENT-Instagram-Story-Post-de-Instagram-45-3.png 1080w\" sizes=\"(max-width: 819px) 100vw, 819px\" \/><\/figure>\n\n\n\n<figure class=\"wp-block-image size-large\"><img loading=\"lazy\" width=\"722\" height=\"1024\" src=\"https:\/\/bisbalpenedes.com\/web\/wp-content\/uploads\/2022\/11\/Triptic_ventades-story_page-0001-722x1024.jpg\" alt=\"\" class=\"wp-image-24007\" srcset=\"https:\/\/bisbalpenedes.com\/web\/wp-content\/uploads\/2022\/11\/Triptic_ventades-story_page-0001-722x1024.jpg 722w, https:\/\/bisbalpenedes.com\/web\/wp-content\/uploads\/2022\/11\/Triptic_ventades-story_page-0001-212x300.jpg 212w, https:\/\/bisbalpenedes.com\/web\/wp-content\/uploads\/2022\/11\/Triptic_ventades-story_page-0001-768x1089.jpg 768w, https:\/\/bisbalpenedes.com\/web\/wp-content\/uploads\/2022\/11\/Triptic_ventades-story_page-0001-600x851.jpg 600w, https:\/\/bisbalpenedes.com\/web\/wp-content\/uploads\/2022\/11\/Triptic_ventades-story_page-0001.jpg 875w\" sizes=\"(max-width: 722px) 100vw, 722px\" \/><\/figure>\n\n\n\n<figure class=\"wp-block-image size-large\"><img loading=\"lazy\" width=\"722\" height=\"1024\" src=\"https:\/\/bisbalpenedes.com\/web\/wp-content\/uploads\/2026\/01\/VENTADES-2-722x1024.jpg\" alt=\"\" class=\"wp-image-35965\" srcset=\"https:\/\/bisbalpenedes.com\/web\/wp-content\/uploads\/2026\/01\/VENTADES-2-722x1024.jpg 722w, https:\/\/bisbalpenedes.com\/web\/wp-content\/uploads\/2026\/01\/VENTADES-2-212x300.jpg 212w, https:\/\/bisbalpenedes.com\/web\/wp-content\/uploads\/2026\/01\/VENTADES-2-768x1089.jpg 768w, https:\/\/bisbalpenedes.com\/web\/wp-content\/uploads\/2026\/01\/VENTADES-2-600x851.jpg 600w, https:\/\/bisbalpenedes.com\/web\/wp-content\/uploads\/2026\/01\/VENTADES-2.jpg 875w\" sizes=\"(max-width: 722px) 100vw, 722px\" \/><\/figure>\n","protected":false},"excerpt":{"rendered":"<p>Durant les darreres hores, Catalunya ha viscut un episodi de vent de risc extrem, amb alertes de perill 6\/6 i mesures de protecci\u00f3 activades fins a les 20 h d&#8217;avui &hellip; <a href=\"https:\/\/bisbalpenedes.com\/web\/2026\/02\/12\/avisos-per-vent-per-als-dies-12-13-i-14-de-febrer\/\" class=\"more-link\">Read More<\/a><\/p>\n","protected":false},"author":4,"featured_media":35841,"comment_status":"closed","ping_status":"closed","sticky":false,"template":"","format":"standard","meta":[],"categories":[1628,2543,8],"tags":[3539,459,393,1188,1374,3362],"_links":{"self":[{"href":"https:\/\/bisbalpenedes.com\/web\/wp-json\/wp\/v2\/posts\/36278"}],"collection":[{"href":"https:\/\/bisbalpenedes.com\/web\/wp-json\/wp\/v2\/posts"}],"about":[{"href":"https:\/\/bisbalpenedes.com\/web\/wp-json\/wp\/v2\/types\/post"}],"author":[{"embeddable":true,"href":"https:\/\/bisbalpenedes.com\/web\/wp-json\/wp\/v2\/users\/4"}],"replies":[{"embeddable":true,"href":"https:\/\/bisbalpenedes.com\/web\/wp-json\/wp\/v2\/comments?post=36278"}],"version-history":[{"count":6,"href":"https:\/\/bisbalpenedes.com\/web\/wp-json\/wp\/v2\/posts\/36278\/revisions"}],"predecessor-version":[{"id":36296,"href":"https:\/\/bisbalpenedes.com\/web\/wp-json\/wp\/v2\/posts\/36278\/revisions\/36296"}],"wp:featuredmedia":[{"embeddable":true,"href":"https:\/\/bisbalpenedes.com\/web\/wp-json\/wp\/v2\/media\/35841"}],"wp:attachment":[{"href":"https:\/\/bisbalpenedes.com\/web\/wp-json\/wp\/v2\/media?parent=36278"}],"wp:term":[{"taxonomy":"category","embeddable":true,"href":"https:\/\/bisbalpenedes.com\/web\/wp-json\/wp\/v2\/categories?post=36278"},{"taxonomy":"post_tag","embeddable":true,"href":"https:\/\/bisbalpenedes.com\/web\/wp-json\/wp\/v2\/tags?post=36278"}],"curies":[{"name":"wp","href":"https:\/\/api.w.org\/{rel}","templated":true}]}}