{"id":36274,"date":"2026-02-12T20:45:56","date_gmt":"2026-02-12T18:45:56","guid":{"rendered":"https:\/\/bisbalpenedes.com\/web\/?p=36274"},"modified":"2026-02-12T20:45:57","modified_gmt":"2026-02-12T18:45:57","slug":"tens-entre-12-i-25-anys-vine-a-la-reunio-participativa-i-ajuda-a-triar-quines-son-les-activitats-i-propostes-que-tirarem-endavant-a-la-cova-jove","status":"publish","type":"post","link":"https:\/\/bisbalpenedes.com\/web\/2026\/02\/12\/tens-entre-12-i-25-anys-vine-a-la-reunio-participativa-i-ajuda-a-triar-quines-son-les-activitats-i-propostes-que-tirarem-endavant-a-la-cova-jove\/","title":{"rendered":"Tens entre 12 i 25 anys? Vine a la reuni\u00f3 participativa i ajuda a triar quines s\u00f3n les activitats i propostes que tirarem endavant a La Cova Jove!"},"content":{"rendered":"\n<p>Ei jove! Busquem les teves propostes!<\/p>\n\n\n\n<ul><li>Quines activitats t\u2019agradaria que es fessin per a tu a la Bisbal del Pened\u00e8s? <\/li><li>Qu\u00e8 trobes a faltar a la Cova Jove?<\/li><\/ul>\n\n\n\n<p>Vine el dimarts 24 de febrer, a les 17 h, a la reuni\u00f3 que tindr\u00e0 lloc al Centre Municipal de Cultura (CMC). Participa, opina i proposa sobre les activitats del municipi i sobre qu\u00e8 t\u2019agradaria trobar a la Cova Jove.<\/p>\n\n\n\n<p>La teva veu compta per construir un espai jove m\u00e9s actiu, participatiu i adaptat als teus interessos.<\/p>\n\n\n\n<p>Per a qualsevol dubte, pots escriure a l\u2019Instagram de l\u2019espai jove <a rel=\"noreferrer noopener\" href=\"https:\/\/www.instagram.com\/lacovajovebisbal?fbclid=IwZXh0bgNhZW0CMTAAYnJpZBExbmYwajVBSm80YUVqMmhnRHNydGMGYXBwX2lkEDIyMjAzOTE3ODgyMDA4OTIAAR5xv-AO0FGlAVlCeEjVQovQMT4un8l9PBfI_GP4dXOoOlZX0p5XvIQpIteSGw_aem_QZ9JLLtQXr2Mkb8L9HdreA\" target=\"_blank\">www.instagram.com\/lacovajovebisbal<\/a><\/p>\n\n\n\n<hr class=\"wp-block-separator has-alpha-channel-opacity\"\/>\n\n\n\n<p>\u00a1Eh, joven! \u00a1Buscamos tus propuestas!<\/p>\n\n\n\n<ul><li>\u00bfQu\u00e9 actividades te gustar\u00eda que se hicieran para ti en la Bisbal del Pened\u00e8s?<\/li><li>\u00bfQu\u00e9 echas en falta en la Cova Jove?<\/li><\/ul>\n\n\n\n<p>Ven el martes 24 de febrero, a las 17 h, a la reuni\u00f3n que tendr\u00e1 lugar en el Centre Municipal de Cultura (CMC). Participa, opina y prop\u00f3n sobre las actividades del municipio y sobre qu\u00e9 te gustar\u00eda encontrar en la Cova Jove.<\/p>\n\n\n\n<p>Tu voz cuenta para construir un espacio joven m\u00e1s activo, participativo y adaptado a tus intereses.<\/p>\n\n\n\n<p>Para cualquier duda, puedes escribir al Instagram del espacio joven <a rel=\"noreferrer noopener\" href=\"https:\/\/www.instagram.com\/lacovajovebisbal?fbclid=IwZXh0bgNhZW0CMTAAYnJpZBExbmYwajVBSm80YUVqMmhnRHNydGMGYXBwX2lkEDIyMjAzOTE3ODgyMDA4OTIAAR5Aj4_R5D8o9dsApaNmYkXScnddvb9IuUmnO9h3R1-HdBJ0j_rwClJSBWgtsQ_aem_uZ4sBYxQ7p_xodv9LBl8vg\" target=\"_blank\">www.instagram.com\/lacovajovebisbal<\/a><\/p>\n","protected":false},"excerpt":{"rendered":"<p>Ei jove! Busquem les teves propostes! Quines activitats t\u2019agradaria que es fessin per a tu a la Bisbal del Pened\u00e8s? Qu\u00e8 trobes a faltar a la Cova Jove? Vine el &hellip; <a href=\"https:\/\/bisbalpenedes.com\/web\/2026\/02\/12\/tens-entre-12-i-25-anys-vine-a-la-reunio-participativa-i-ajuda-a-triar-quines-son-les-activitats-i-propostes-que-tirarem-endavant-a-la-cova-jove\/\" class=\"more-link\">Read More<\/a><\/p>\n","protected":false},"author":4,"featured_media":36275,"comment_status":"closed","ping_status":"closed","sticky":false,"template":"","format":"standard","meta":[],"categories":[4269,8],"tags":[459,1056,210,393,1509,1374,7340],"_links":{"self":[{"href":"https:\/\/bisbalpenedes.com\/web\/wp-json\/wp\/v2\/posts\/36274"}],"collection":[{"href":"https:\/\/bisbalpenedes.com\/web\/wp-json\/wp\/v2\/posts"}],"about":[{"href":"https:\/\/bisbalpenedes.com\/web\/wp-json\/wp\/v2\/types\/post"}],"author":[{"embeddable":true,"href":"https:\/\/bisbalpenedes.com\/web\/wp-json\/wp\/v2\/users\/4"}],"replies":[{"embeddable":true,"href":"https:\/\/bisbalpenedes.com\/web\/wp-json\/wp\/v2\/comments?post=36274"}],"version-history":[{"count":1,"href":"https:\/\/bisbalpenedes.com\/web\/wp-json\/wp\/v2\/posts\/36274\/revisions"}],"predecessor-version":[{"id":36276,"href":"https:\/\/bisbalpenedes.com\/web\/wp-json\/wp\/v2\/posts\/36274\/revisions\/36276"}],"wp:featuredmedia":[{"embeddable":true,"href":"https:\/\/bisbalpenedes.com\/web\/wp-json\/wp\/v2\/media\/36275"}],"wp:attachment":[{"href":"https:\/\/bisbalpenedes.com\/web\/wp-json\/wp\/v2\/media?parent=36274"}],"wp:term":[{"taxonomy":"category","embeddable":true,"href":"https:\/\/bisbalpenedes.com\/web\/wp-json\/wp\/v2\/categories?post=36274"},{"taxonomy":"post_tag","embeddable":true,"href":"https:\/\/bisbalpenedes.com\/web\/wp-json\/wp\/v2\/tags?post=36274"}],"curies":[{"name":"wp","href":"https:\/\/api.w.org\/{rel}","templated":true}]}}