{"id":36269,"date":"2026-02-12T17:03:32","date_gmt":"2026-02-12T15:03:32","guid":{"rendered":"https:\/\/bisbalpenedes.com\/web\/?p=36269"},"modified":"2026-02-12T17:03:33","modified_gmt":"2026-02-12T15:03:33","slug":"actualitzacio-de-les-mesures-derivades-de-lalerta-per-fortes-ventades","status":"publish","type":"post","link":"https:\/\/bisbalpenedes.com\/web\/2026\/02\/12\/actualitzacio-de-les-mesures-derivades-de-lalerta-per-fortes-ventades\/","title":{"rendered":"Actualitzaci\u00f3 de les mesures derivades de l&#8217;alerta per fortes ventades"},"content":{"rendered":"\n<p>El CECAT ha fet arribar un nou ES-ALERT als tel\u00e8fons m\u00f2bils.\u00a0<\/p>\n\n\n\n<p>La Generalitat aixeca les restriccions de mobilitat. Tanmateix, demana prud\u00e8ncia en els despla\u00e7aments.<\/p>\n\n\n\n<p>Es mant\u00e9 la suspensi\u00f3 de l\u2019activitat educativa, esportiva i sanit\u00e0ria no urgent fins a les 20h d&#8217;avui dijous.<\/p>\n\n\n\n<figure class=\"wp-block-image size-large\"><img loading=\"lazy\" width=\"819\" height=\"1024\" src=\"https:\/\/bisbalpenedes.com\/web\/wp-content\/uploads\/2026\/02\/IMG_5608-819x1024.jpeg\" alt=\"\" class=\"wp-image-36270\" srcset=\"https:\/\/bisbalpenedes.com\/web\/wp-content\/uploads\/2026\/02\/IMG_5608-819x1024.jpeg 819w, https:\/\/bisbalpenedes.com\/web\/wp-content\/uploads\/2026\/02\/IMG_5608-240x300.jpeg 240w, https:\/\/bisbalpenedes.com\/web\/wp-content\/uploads\/2026\/02\/IMG_5608-768x960.jpeg 768w, https:\/\/bisbalpenedes.com\/web\/wp-content\/uploads\/2026\/02\/IMG_5608-600x750.jpeg 600w, https:\/\/bisbalpenedes.com\/web\/wp-content\/uploads\/2026\/02\/IMG_5608.jpeg 1080w\" sizes=\"(max-width: 819px) 100vw, 819px\" \/><\/figure>\n\n\n\n<hr class=\"wp-block-separator has-alpha-channel-opacity\"\/>\n\n\n\n<p>El CECAT ha hecho llegar un nuevo ES-ALERT a los tel\u00e9fonos m\u00f3viles.\u00a0<\/p>\n\n\n\n<p>La Generalitat levanta las restricciones de movilidad. Aun as\u00ed, pide prudencia en los desplazamientos.<\/p>\n\n\n\n<p>Se mantiene la suspensi\u00f3n de la actividad educativa, deportiva y sanitaria no urgente hasta las 20h de hoy jueves.<\/p>\n","protected":false},"excerpt":{"rendered":"<p>El CECAT ha fet arribar un nou ES-ALERT als tel\u00e8fons m\u00f2bils.\u00a0 La Generalitat aixeca les restriccions de mobilitat. Tanmateix, demana prud\u00e8ncia en els despla\u00e7aments. Es mant\u00e9 la suspensi\u00f3 de l\u2019activitat &hellip; <a href=\"https:\/\/bisbalpenedes.com\/web\/2026\/02\/12\/actualitzacio-de-les-mesures-derivades-de-lalerta-per-fortes-ventades\/\" class=\"more-link\">Read More<\/a><\/p>\n","protected":false},"author":4,"featured_media":36230,"comment_status":"closed","ping_status":"closed","sticky":false,"template":"","format":"standard","meta":[],"categories":[1628,2543,8],"tags":[459,393,1374,1187,7339,4047],"_links":{"self":[{"href":"https:\/\/bisbalpenedes.com\/web\/wp-json\/wp\/v2\/posts\/36269"}],"collection":[{"href":"https:\/\/bisbalpenedes.com\/web\/wp-json\/wp\/v2\/posts"}],"about":[{"href":"https:\/\/bisbalpenedes.com\/web\/wp-json\/wp\/v2\/types\/post"}],"author":[{"embeddable":true,"href":"https:\/\/bisbalpenedes.com\/web\/wp-json\/wp\/v2\/users\/4"}],"replies":[{"embeddable":true,"href":"https:\/\/bisbalpenedes.com\/web\/wp-json\/wp\/v2\/comments?post=36269"}],"version-history":[{"count":2,"href":"https:\/\/bisbalpenedes.com\/web\/wp-json\/wp\/v2\/posts\/36269\/revisions"}],"predecessor-version":[{"id":36272,"href":"https:\/\/bisbalpenedes.com\/web\/wp-json\/wp\/v2\/posts\/36269\/revisions\/36272"}],"wp:featuredmedia":[{"embeddable":true,"href":"https:\/\/bisbalpenedes.com\/web\/wp-json\/wp\/v2\/media\/36230"}],"wp:attachment":[{"href":"https:\/\/bisbalpenedes.com\/web\/wp-json\/wp\/v2\/media?parent=36269"}],"wp:term":[{"taxonomy":"category","embeddable":true,"href":"https:\/\/bisbalpenedes.com\/web\/wp-json\/wp\/v2\/categories?post=36269"},{"taxonomy":"post_tag","embeddable":true,"href":"https:\/\/bisbalpenedes.com\/web\/wp-json\/wp\/v2\/tags?post=36269"}],"curies":[{"name":"wp","href":"https:\/\/api.w.org\/{rel}","templated":true}]}}