{"id":36264,"date":"2026-02-12T13:06:58","date_gmt":"2026-02-12T11:06:58","guid":{"rendered":"https:\/\/bisbalpenedes.com\/web\/?p=36264"},"modified":"2026-02-12T13:18:40","modified_gmt":"2026-02-12T11:18:40","slug":"el-ple-extraordinari-dona-compte-de-la-renuncia-del-regidor-joan-gimeno-guasch","status":"publish","type":"post","link":"https:\/\/bisbalpenedes.com\/web\/2026\/02\/12\/el-ple-extraordinari-dona-compte-de-la-renuncia-del-regidor-joan-gimeno-guasch\/","title":{"rendered":"<strong>El Ple extraordinari dona compte de la ren\u00fancia del regidor Joan Gimeno Guasch<\/strong>"},"content":{"rendered":"\n<p>El Ple extraordinari celebrat el 9 de febrer ha donat compte de la ren\u00fancia al c\u00e0rrec de regidor de Joan Gimeno Guasch, del grup municipal Comprom\u00eds amb la Bisbal. La ren\u00fancia va ser presentada formalment mitjan\u00e7ant inst\u00e0ncia el passat 25 de gener.<\/p>\n\n\n\n<p>Aquesta informaci\u00f3 ja havia estat comunicada pr\u00e8viament pel govern municipal en un <a href=\"https:\/\/bisbalpenedes.com\/web\/2026\/02\/02\/comunicat-de-lequip-de-govern-el-regidor-joan-gimeno-de-compromis-amb-la-bisbal-deixa-el-seu-carrec-per-motius-personals-i-professionals-i-sera-substituit-per-clemente-rodriguez\/\" target=\"_blank\" rel=\"noreferrer noopener\">comunicat<\/a> em\u00e8s el 2 de febrer, en qu\u00e8 s\u2019explicava que el regidor Joan Gimeno deixava el seu c\u00e0rrec per motius personals i professionals. El comunicat tamb\u00e9 informava que ser\u00e0 substitu\u00eft per Clemente Rodr\u00edguez, qui va ocupar el n\u00famero sis de la candidatura de Comprom\u00eds amb la Bisbal en les darreres eleccions municipals.<\/p>\n\n\n\n<figure class=\"wp-block-image size-large\"><img loading=\"lazy\" width=\"1024\" height=\"768\" src=\"https:\/\/bisbalpenedes.com\/web\/wp-content\/uploads\/2026\/02\/260209-PLE-EXTRAORDINARI-1024x768.jpg\" alt=\"\" class=\"wp-image-36266\" srcset=\"https:\/\/bisbalpenedes.com\/web\/wp-content\/uploads\/2026\/02\/260209-PLE-EXTRAORDINARI-1024x768.jpg 1024w, https:\/\/bisbalpenedes.com\/web\/wp-content\/uploads\/2026\/02\/260209-PLE-EXTRAORDINARI-300x225.jpg 300w, https:\/\/bisbalpenedes.com\/web\/wp-content\/uploads\/2026\/02\/260209-PLE-EXTRAORDINARI-768x576.jpg 768w, https:\/\/bisbalpenedes.com\/web\/wp-content\/uploads\/2026\/02\/260209-PLE-EXTRAORDINARI-1536x1152.jpg 1536w, https:\/\/bisbalpenedes.com\/web\/wp-content\/uploads\/2026\/02\/260209-PLE-EXTRAORDINARI-2048x1536.jpg 2048w, https:\/\/bisbalpenedes.com\/web\/wp-content\/uploads\/2026\/02\/260209-PLE-EXTRAORDINARI-600x450.jpg 600w\" sizes=\"(max-width: 1024px) 100vw, 1024px\" \/><figcaption>Fotografies: Ra\u00fal Gallego<\/figcaption><\/figure>\n\n\n\n<hr class=\"wp-block-separator has-alpha-channel-opacity\"\/>\n\n\n\n<h3><strong>El Pleno extraordinario da cuenta de la renuncia del concejal Joan Gimeno Guasch<\/strong><\/h3>\n\n\n\n<p>El Pleno extraordinario celebrado el 9 de febrero ha dado cuenta de la renuncia al cargo de concejal de Joan Gimeno Guasch, del grupo municipal Comprom\u00eds amb la Bisbal. La renuncia fue presentada formalmente mediante instancia el pasado 25 de enero.<\/p>\n\n\n\n<p>Esta informaci\u00f3n ya hab\u00eda sido comunicada previamente por el gobierno municipal en un <a href=\"https:\/\/bisbalpenedes.com\/web\/2026\/02\/02\/comunicat-de-lequip-de-govern-el-regidor-joan-gimeno-de-compromis-amb-la-bisbal-deixa-el-seu-carrec-per-motius-personals-i-professionals-i-sera-substituit-per-clemente-rodriguez\/\">comunicado<\/a> emitido el 2 de febrero, en el que se explicaba que el concejal Joan Gimeno dejaba su cargo por motivos personales y profesionales. El comunicado tambi\u00e9n informaba de que ser\u00e1 sustituido por Clemente Rodr\u00edguez, quien ocup\u00f3 el n\u00famero seis de la candidatura de Comprom\u00eds amb la Bisbal en las \u00faltimas elecciones municipales.<\/p>\n","protected":false},"excerpt":{"rendered":"<p>El Ple extraordinari celebrat el 9 de febrer ha donat compte de la ren\u00fancia al c\u00e0rrec de regidor de Joan Gimeno Guasch, del grup municipal Comprom\u00eds amb la Bisbal. La &hellip; <a href=\"https:\/\/bisbalpenedes.com\/web\/2026\/02\/12\/el-ple-extraordinari-dona-compte-de-la-renuncia-del-regidor-joan-gimeno-guasch\/\" class=\"more-link\">Read More<\/a><\/p>\n","protected":false},"author":4,"featured_media":36265,"comment_status":"closed","ping_status":"closed","sticky":false,"template":"","format":"standard","meta":[],"categories":[2402,2377,2251,2250],"tags":[4770,393,423,968],"_links":{"self":[{"href":"https:\/\/bisbalpenedes.com\/web\/wp-json\/wp\/v2\/posts\/36264"}],"collection":[{"href":"https:\/\/bisbalpenedes.com\/web\/wp-json\/wp\/v2\/posts"}],"about":[{"href":"https:\/\/bisbalpenedes.com\/web\/wp-json\/wp\/v2\/types\/post"}],"author":[{"embeddable":true,"href":"https:\/\/bisbalpenedes.com\/web\/wp-json\/wp\/v2\/users\/4"}],"replies":[{"embeddable":true,"href":"https:\/\/bisbalpenedes.com\/web\/wp-json\/wp\/v2\/comments?post=36264"}],"version-history":[{"count":2,"href":"https:\/\/bisbalpenedes.com\/web\/wp-json\/wp\/v2\/posts\/36264\/revisions"}],"predecessor-version":[{"id":36268,"href":"https:\/\/bisbalpenedes.com\/web\/wp-json\/wp\/v2\/posts\/36264\/revisions\/36268"}],"wp:featuredmedia":[{"embeddable":true,"href":"https:\/\/bisbalpenedes.com\/web\/wp-json\/wp\/v2\/media\/36265"}],"wp:attachment":[{"href":"https:\/\/bisbalpenedes.com\/web\/wp-json\/wp\/v2\/media?parent=36264"}],"wp:term":[{"taxonomy":"category","embeddable":true,"href":"https:\/\/bisbalpenedes.com\/web\/wp-json\/wp\/v2\/categories?post=36264"},{"taxonomy":"post_tag","embeddable":true,"href":"https:\/\/bisbalpenedes.com\/web\/wp-json\/wp\/v2\/tags?post=36264"}],"curies":[{"name":"wp","href":"https:\/\/api.w.org\/{rel}","templated":true}]}}