{"id":36261,"date":"2026-02-12T10:59:26","date_gmt":"2026-02-12T08:59:26","guid":{"rendered":"https:\/\/bisbalpenedes.com\/web\/?p=36261"},"modified":"2026-02-12T10:59:27","modified_gmt":"2026-02-12T08:59:27","slug":"la-bisbal-es-mante-sense-afectacions-importants-pel-vent-a-les-9-h-sha-celebrat-una-reunio-de-coordinacio-en-el-marc-del-dispositiu-activat-per-lepisodi-de-vent","status":"publish","type":"post","link":"https:\/\/bisbalpenedes.com\/web\/2026\/02\/12\/la-bisbal-es-mante-sense-afectacions-importants-pel-vent-a-les-9-h-sha-celebrat-una-reunio-de-coordinacio-en-el-marc-del-dispositiu-activat-per-lepisodi-de-vent\/","title":{"rendered":"La Bisbal es mant\u00e9 sense afectacions importants pel vent. A les 9 h s\u2019ha celebrat una reuni\u00f3 de coordinaci\u00f3 en el marc del dispositiu activat per l&#8217;episodi de vent"},"content":{"rendered":"\n<p>La Bisbal del Pened\u00e8s s\u2019ha llevat sense afectacions importants relacionades amb el vent.<\/p>\n\n\n\n<p>A les 9 h, l&#8217;equip de govern ha celebrat una reuni\u00f3 de coordinaci\u00f3 amb el cap de la brigada, membres de l\u2019ADF Clot de Bou i diversos treballadors municipals, amb l\u2019objectiu de garantir una actuaci\u00f3 \u00e0gil davant possibles incid\u00e8ncies relacionades amb l\u2019episodi de vent que est\u00e0 afectant el conjunt del territori catal\u00e0.<\/p>\n\n\n\n<p>L\u2019alcaldessa en funcions, Judith Vidal, ha explicat que \u201ctot i que a la Bisbal del Pened\u00e8s estem acostumats al vent, cal mantenir-nos alerta davant de possibles incid\u00e8ncies per poder actuar amb la m\u00e0xima celeritat i efic\u00e0cia\u201d. Vidal ha afegit que \u201ctenim la sort de comptar amb un gran equip hum\u00e0, tant de l\u2019Ajuntament com de l\u2019ADF Clot de Bou, sempre disposat a col\u00b7laborar. Vull aprofitar per expressar-los el meu agra\u00efment per la seva implicaci\u00f3 i disponibilitat\u201d.<\/p>\n\n\n\n<hr class=\"wp-block-separator has-alpha-channel-opacity\"\/>\n\n\n\n<p>La Bisbal del Pened\u00e8s se ha levantado sin afectaciones importantes relacionadas con el viento.<\/p>\n\n\n\n<p>A las 9 h, el equipo de gobierno ha celebrado una reuni\u00f3n con el jefe de la brigada, miembros de la ADF Clot de Bou y diversos trabajadores municipales, con el objetivo de garantizar una actuaci\u00f3n \u00e1gil ante posibles incidencias relacionadas con el episodio de viento que est\u00e1 afectando al conjunto del territorio catal\u00e1n.<\/p>\n\n\n\n<p>La alcaldesa en funciones, Judith Vidal, ha explicado que \u201caunque en la Bisbal del Pened\u00e8s estamos acostumbrados al viento, es necesario mantenernos alerta ante posibles incidencias para poder actuar con la m\u00e1xima celeridad y eficacia\u201d. Vidal ha a\u00f1adido que \u201ctenemos la suerte de contar con un gran equipo humano, tanto del Ajuntament como de la ADF Clot de Bou, siempre dispuesto a colaborar. Quiero aprovechar para expresarles mi agradecimiento por su implicaci\u00f3n y disponibilidad\u201d.<\/p>\n","protected":false},"excerpt":{"rendered":"<p>La Bisbal del Pened\u00e8s s\u2019ha llevat sense afectacions importants relacionades amb el vent. A les 9 h, l&#8217;equip de govern ha celebrat una reuni\u00f3 de coordinaci\u00f3 amb el cap de &hellip; <a href=\"https:\/\/bisbalpenedes.com\/web\/2026\/02\/12\/la-bisbal-es-mante-sense-afectacions-importants-pel-vent-a-les-9-h-sha-celebrat-una-reunio-de-coordinacio-en-el-marc-del-dispositiu-activat-per-lepisodi-de-vent\/\" class=\"more-link\">Read More<\/a><\/p>\n","protected":false},"author":4,"featured_media":36263,"comment_status":"closed","ping_status":"closed","sticky":false,"template":"","format":"standard","meta":[],"categories":[8],"tags":[393,1374,1187,3362],"_links":{"self":[{"href":"https:\/\/bisbalpenedes.com\/web\/wp-json\/wp\/v2\/posts\/36261"}],"collection":[{"href":"https:\/\/bisbalpenedes.com\/web\/wp-json\/wp\/v2\/posts"}],"about":[{"href":"https:\/\/bisbalpenedes.com\/web\/wp-json\/wp\/v2\/types\/post"}],"author":[{"embeddable":true,"href":"https:\/\/bisbalpenedes.com\/web\/wp-json\/wp\/v2\/users\/4"}],"replies":[{"embeddable":true,"href":"https:\/\/bisbalpenedes.com\/web\/wp-json\/wp\/v2\/comments?post=36261"}],"version-history":[{"count":1,"href":"https:\/\/bisbalpenedes.com\/web\/wp-json\/wp\/v2\/posts\/36261\/revisions"}],"predecessor-version":[{"id":36262,"href":"https:\/\/bisbalpenedes.com\/web\/wp-json\/wp\/v2\/posts\/36261\/revisions\/36262"}],"wp:featuredmedia":[{"embeddable":true,"href":"https:\/\/bisbalpenedes.com\/web\/wp-json\/wp\/v2\/media\/36263"}],"wp:attachment":[{"href":"https:\/\/bisbalpenedes.com\/web\/wp-json\/wp\/v2\/media?parent=36261"}],"wp:term":[{"taxonomy":"category","embeddable":true,"href":"https:\/\/bisbalpenedes.com\/web\/wp-json\/wp\/v2\/categories?post=36261"},{"taxonomy":"post_tag","embeddable":true,"href":"https:\/\/bisbalpenedes.com\/web\/wp-json\/wp\/v2\/tags?post=36261"}],"curies":[{"name":"wp","href":"https:\/\/api.w.org\/{rel}","templated":true}]}}