{"id":36239,"date":"2026-02-11T17:13:32","date_gmt":"2026-02-11T15:13:32","guid":{"rendered":"https:\/\/bisbalpenedes.com\/web\/?p=36239"},"modified":"2026-02-11T20:08:13","modified_gmt":"2026-02-11T18:08:13","slug":"se-suspen-el-servei-de-recollida-de-residus-del-dijous-12-de-febrer-per-la-previsio-de-fortes-ventades","status":"publish","type":"post","link":"https:\/\/bisbalpenedes.com\/web\/2026\/02\/11\/se-suspen-el-servei-de-recollida-de-residus-del-dijous-12-de-febrer-per-la-previsio-de-fortes-ventades\/","title":{"rendered":"Se susp\u00e8n el servei de recollida de residus del dijous 12 de febrer per la previsi\u00f3 de fortes ventades"},"content":{"rendered":"\n<p>Aquest dijous no hi haur\u00e0 servei de recollida de residus per la previsi\u00f3 de fortes ventades.<\/p>\n\n\n\n<p>Avui dimecres es recolliran l&#8217;org\u00e0nica, els envasos i el rebuig del servei de recollida porta a porta del nucli.<\/p>\n\n\n\n<p>Podeu consultar la informaci\u00f3 sobre la previsi\u00f3 meteorol\u00f2gica, aix\u00ed com les mesures especials que s&#8217;aplicaran durant la jornada, accedint a <a href=\"https:\/\/bisbalpenedes.com\/web\/2026\/02\/11\/se-suspen-lactivitat-educativa-i-assistencial-daquest-dijous-per-risc-extrem-de-ventades\/\">https:\/\/bisbalpenedes.com\/web\/2026\/02\/11\/se-suspen-lactivitat-educativa-i-assistencial-daquest-dijous-per-risc-extrem-de-ventades\/<\/a><\/p>\n\n\n\n<hr class=\"wp-block-separator has-alpha-channel-opacity\"\/>\n\n\n\n<p>Este jueves no habr\u00e1 servicio de recogida de residuos por la previsi\u00f3n de viento fuerte.<\/p>\n\n\n\n<p>Hoy mi\u00e9rcoles se recoger\u00e1n la org\u00e1nica, los envases y el rechazo del servicio de recogida puerta a puerta del n\u00facleo.<\/p>\n\n\n\n<p>Pod\u00e9is consultar la informaci\u00f3n sobre la previsi\u00f3n meteorol\u00f3gica, as\u00ed como las medidas especiales que se aplicar\u00e1n durante la jornada, accediendo a <a href=\"https:\/\/bisbalpenedes.com\/web\/2026\/02\/11\/se-suspen-lactivitat-educativa-i-assistencial-daquest-dijous-per-risc-extrem-de-ventades\/\">https:\/\/bisbalpenedes.com\/web\/2026\/02\/11\/se-suspen-lactivitat-educativa-i-assistencial-daquest-dijous-per-risc-extrem-de-ventades\/<\/a><\/p>\n\n\n\n<figure class=\"wp-block-image size-large\"><img loading=\"lazy\" width=\"819\" height=\"1024\" src=\"https:\/\/bisbalpenedes.com\/web\/wp-content\/uploads\/2026\/02\/2-1-819x1024.png\" alt=\"\" class=\"wp-image-36241\" srcset=\"https:\/\/bisbalpenedes.com\/web\/wp-content\/uploads\/2026\/02\/2-1-819x1024.png 819w, https:\/\/bisbalpenedes.com\/web\/wp-content\/uploads\/2026\/02\/2-1-240x300.png 240w, https:\/\/bisbalpenedes.com\/web\/wp-content\/uploads\/2026\/02\/2-1-768x960.png 768w, https:\/\/bisbalpenedes.com\/web\/wp-content\/uploads\/2026\/02\/2-1-600x750.png 600w, https:\/\/bisbalpenedes.com\/web\/wp-content\/uploads\/2026\/02\/2-1.png 1080w\" sizes=\"(max-width: 819px) 100vw, 819px\" \/><\/figure>\n","protected":false},"excerpt":{"rendered":"<p>Aquest dijous no hi haur\u00e0 servei de recollida de residus per la previsi\u00f3 de fortes ventades. Avui dimecres es recolliran l&#8217;org\u00e0nica, els envasos i el rebuig del servei de recollida &hellip; <a href=\"https:\/\/bisbalpenedes.com\/web\/2026\/02\/11\/se-suspen-el-servei-de-recollida-de-residus-del-dijous-12-de-febrer-per-la-previsio-de-fortes-ventades\/\" class=\"more-link\">Read More<\/a><\/p>\n","protected":false},"author":4,"featured_media":36240,"comment_status":"closed","ping_status":"closed","sticky":false,"template":"","format":"standard","meta":[],"categories":[1628,2543,8],"tags":[459,1056,393,3231,4047],"_links":{"self":[{"href":"https:\/\/bisbalpenedes.com\/web\/wp-json\/wp\/v2\/posts\/36239"}],"collection":[{"href":"https:\/\/bisbalpenedes.com\/web\/wp-json\/wp\/v2\/posts"}],"about":[{"href":"https:\/\/bisbalpenedes.com\/web\/wp-json\/wp\/v2\/types\/post"}],"author":[{"embeddable":true,"href":"https:\/\/bisbalpenedes.com\/web\/wp-json\/wp\/v2\/users\/4"}],"replies":[{"embeddable":true,"href":"https:\/\/bisbalpenedes.com\/web\/wp-json\/wp\/v2\/comments?post=36239"}],"version-history":[{"count":3,"href":"https:\/\/bisbalpenedes.com\/web\/wp-json\/wp\/v2\/posts\/36239\/revisions"}],"predecessor-version":[{"id":36255,"href":"https:\/\/bisbalpenedes.com\/web\/wp-json\/wp\/v2\/posts\/36239\/revisions\/36255"}],"wp:featuredmedia":[{"embeddable":true,"href":"https:\/\/bisbalpenedes.com\/web\/wp-json\/wp\/v2\/media\/36240"}],"wp:attachment":[{"href":"https:\/\/bisbalpenedes.com\/web\/wp-json\/wp\/v2\/media?parent=36239"}],"wp:term":[{"taxonomy":"category","embeddable":true,"href":"https:\/\/bisbalpenedes.com\/web\/wp-json\/wp\/v2\/categories?post=36239"},{"taxonomy":"post_tag","embeddable":true,"href":"https:\/\/bisbalpenedes.com\/web\/wp-json\/wp\/v2\/tags?post=36239"}],"curies":[{"name":"wp","href":"https:\/\/api.w.org\/{rel}","templated":true}]}}