{"id":36229,"date":"2026-02-11T16:12:18","date_gmt":"2026-02-11T14:12:18","guid":{"rendered":"https:\/\/bisbalpenedes.com\/web\/?p=36229"},"modified":"2026-02-11T16:12:19","modified_gmt":"2026-02-11T14:12:19","slug":"se-suspen-lactivitat-educativa-i-assistencial-daquest-dijous-per-risc-extrem-de-ventades","status":"publish","type":"post","link":"https:\/\/bisbalpenedes.com\/web\/2026\/02\/11\/se-suspen-lactivitat-educativa-i-assistencial-daquest-dijous-per-risc-extrem-de-ventades\/","title":{"rendered":"Se susp\u00e8n l&#8217;activitat educativa i assistencial d&#8217;aquest dijous per risc extrem de ventades"},"content":{"rendered":"\n<p>El Servei Meteorol\u00f2gic de Catalunya preveu que aquest dijous 12 de febrer hi pugui haver ratxes de vent superiors als 108 km\/h de manera generalitzada a tot el pa\u00eds. Aquest fenomen pot comportar un perill molt elevat i, per aquest motiu, s&#8217;ha optat per prendre diverses mesures entre les 0 i les 20h de dem\u00e0 dijous:<\/p>\n\n\n\n<ul><li>Suspensi\u00f3 de les activitats educatives, sanit\u00e0ries no urgents, sociosanit\u00e0ries i esportives<\/li><li>Evitar despla\u00e7aments innecessaris i aplicar el teletreball sempre que sigui possible<\/li><li>Tancament de tots els espais naturals no urbans i prohibici\u00f3 de les activitats previstes<\/li><\/ul>\n\n\n\n<p>Des del Centre de Coordinaci\u00f3 Operativa de Catalunya (CECAT) s&#8217;enviar\u00e0 un Es-Alert a tota la poblaci\u00f3 informant del fenomen meteorol\u00f2gic previst i indicant les limitacions previstes.<\/p>\n\n\n\n<p>Per tant, a la Bisbal del Pened\u00e8s queda suspesa l&#8217;activitat lectiva a l&#8217;escola Ull de Vent, l&#8217;institut Coster de la Torre i la Llar d&#8217;infants municipal l&#8217;Oreneta. Aix\u00ed mateix, l&#8217;activitat de Carnaval prevista a la llar d&#8217;infants, quedar\u00e0 ajornada.&nbsp;<\/p>\n\n\n\n<p>Des de Protecci\u00f3 Civil de la Generalitat insisteixen a extremar les precaucions, sobretot a l&#8217;exterior, i evitar la mobilitat.<\/p>\n\n\n\n<p>Us recordem que,&nbsp;<strong>si us trobeu davant d&#8217;una emerg\u00e8ncia, cal que truqueu al 112.<\/strong><\/p>\n\n\n\n<p>Podeu ampliar la informaci\u00f3 a l&#8217;enlla\u00e7:&nbsp;<a href=\"mailto:https:\/\/govern.cat\/salapremsa\/notes-premsa\/790652\/risc-extrem-ventades-catalunya-limita-mobilitat-se-suspen-lactivitat-educativa-assistencial\">mailto:https:\/\/govern.cat\/salapremsa\/notes-premsa\/790652\/risc-extrem-ventades-catalunya-limita-mobilitat-se-suspen-lactivitat-educativa-assistencial<\/a><\/p>\n\n\n\n<p>Per consultar la previsi\u00f3 meteorol\u00f2gica podeu accedir a:\u00a0<a href=\"mailto:https:\/\/govern.cat\/salapremsa\/notes-premsa\/790652\/risc-extrem-ventades-catalunya-limita-mobilitat-se-suspen-lactivitat-educativa-assistencial\">mailto:https:\/\/govern.cat\/salapremsa\/notes-premsa\/790652\/risc-extrem-ventades-catalunya-limita-mobilitat-se-suspen-lactivitat-educativa-assistencial<\/a><\/p>\n\n\n\n<figure class=\"wp-block-image size-large is-resized\"><img loading=\"lazy\" src=\"https:\/\/bisbalpenedes.com\/web\/wp-content\/uploads\/2026\/02\/IMG_5581-724x1024.png\" alt=\"\" class=\"wp-image-36231\" width=\"682\" height=\"964\" srcset=\"https:\/\/bisbalpenedes.com\/web\/wp-content\/uploads\/2026\/02\/IMG_5581-724x1024.png 724w, https:\/\/bisbalpenedes.com\/web\/wp-content\/uploads\/2026\/02\/IMG_5581-212x300.png 212w, https:\/\/bisbalpenedes.com\/web\/wp-content\/uploads\/2026\/02\/IMG_5581-768x1086.png 768w, https:\/\/bisbalpenedes.com\/web\/wp-content\/uploads\/2026\/02\/IMG_5581-1086x1536.png 1086w, https:\/\/bisbalpenedes.com\/web\/wp-content\/uploads\/2026\/02\/IMG_5581-600x849.png 600w, https:\/\/bisbalpenedes.com\/web\/wp-content\/uploads\/2026\/02\/IMG_5581.png 1448w\" sizes=\"(max-width: 682px) 100vw, 682px\" \/><\/figure>\n\n\n\n<figure class=\"wp-block-image size-large\"><img loading=\"lazy\" width=\"724\" height=\"1024\" src=\"https:\/\/bisbalpenedes.com\/web\/wp-content\/uploads\/2026\/02\/IMG_5582-724x1024.png\" alt=\"\" class=\"wp-image-36232\" srcset=\"https:\/\/bisbalpenedes.com\/web\/wp-content\/uploads\/2026\/02\/IMG_5582-724x1024.png 724w, https:\/\/bisbalpenedes.com\/web\/wp-content\/uploads\/2026\/02\/IMG_5582-212x300.png 212w, https:\/\/bisbalpenedes.com\/web\/wp-content\/uploads\/2026\/02\/IMG_5582-768x1086.png 768w, https:\/\/bisbalpenedes.com\/web\/wp-content\/uploads\/2026\/02\/IMG_5582-1086x1536.png 1086w, https:\/\/bisbalpenedes.com\/web\/wp-content\/uploads\/2026\/02\/IMG_5582-600x849.png 600w, https:\/\/bisbalpenedes.com\/web\/wp-content\/uploads\/2026\/02\/IMG_5582.png 1448w\" sizes=\"(max-width: 724px) 100vw, 724px\" \/><\/figure>\n\n\n\n<figure class=\"wp-block-image size-large\"><img loading=\"lazy\" width=\"722\" height=\"1024\" src=\"https:\/\/bisbalpenedes.com\/web\/wp-content\/uploads\/2026\/01\/VENTADES-1-722x1024.jpg\" alt=\"\" class=\"wp-image-35964\" srcset=\"https:\/\/bisbalpenedes.com\/web\/wp-content\/uploads\/2026\/01\/VENTADES-1-722x1024.jpg 722w, https:\/\/bisbalpenedes.com\/web\/wp-content\/uploads\/2026\/01\/VENTADES-1-212x300.jpg 212w, https:\/\/bisbalpenedes.com\/web\/wp-content\/uploads\/2026\/01\/VENTADES-1-768x1089.jpg 768w, https:\/\/bisbalpenedes.com\/web\/wp-content\/uploads\/2026\/01\/VENTADES-1-600x851.jpg 600w, https:\/\/bisbalpenedes.com\/web\/wp-content\/uploads\/2026\/01\/VENTADES-1.jpg 875w\" sizes=\"(max-width: 722px) 100vw, 722px\" \/><\/figure>\n\n\n\n<figure class=\"wp-block-image size-large\"><img loading=\"lazy\" width=\"722\" height=\"1024\" src=\"https:\/\/bisbalpenedes.com\/web\/wp-content\/uploads\/2026\/01\/VENTADES-2-722x1024.jpg\" alt=\"\" class=\"wp-image-35965\" srcset=\"https:\/\/bisbalpenedes.com\/web\/wp-content\/uploads\/2026\/01\/VENTADES-2-722x1024.jpg 722w, https:\/\/bisbalpenedes.com\/web\/wp-content\/uploads\/2026\/01\/VENTADES-2-212x300.jpg 212w, https:\/\/bisbalpenedes.com\/web\/wp-content\/uploads\/2026\/01\/VENTADES-2-768x1089.jpg 768w, https:\/\/bisbalpenedes.com\/web\/wp-content\/uploads\/2026\/01\/VENTADES-2-600x851.jpg 600w, https:\/\/bisbalpenedes.com\/web\/wp-content\/uploads\/2026\/01\/VENTADES-2.jpg 875w\" sizes=\"(max-width: 722px) 100vw, 722px\" \/><\/figure>\n\n\n\n<hr class=\"wp-block-separator has-alpha-channel-opacity\"\/>\n\n\n\n<h3><strong>Se suspende la actividad educativa y asistencial de este jueves por riesgo extremo de rachas de viento<\/strong><\/h3>\n\n\n\n<p>El Servei Meteorol\u00f2gic de Catalunya prev\u00e9 que este jueves 12 de febrero pueda haber rachas de viento superiores a los 108 km\/h de forma generalizada en todo el pa\u00eds. Este fen\u00f3meno puede comportar un peligro muy elevado y, por este motivo, se ha optado por tomar varias medidas entre las 0 y las 20 h de ma\u00f1ana jueves:<\/p>\n\n\n\n<ul><li>Suspensi\u00f3n de las actividades educativas, sanitarias no urgentes, sociosanitarias y deportivas<\/li><li>Evitar desplazamientos innecesarios y aplicar el teletrabajo siempre que sea posible<\/li><li>Cierre de todos los espacios naturales no urbanos y prohibici\u00f3n de las actividades previstas<\/li><\/ul>\n\n\n\n<p>Desde el Centre de Coordinaci\u00f3 Operativa de Catalunya (CECAT) se enviar\u00e1 un Es-Alert a toda la poblaci\u00f3n informando del fen\u00f3meno meteorol\u00f3gico previsto e indicando las limitaciones establecidas.<\/p>\n\n\n\n<p>Por lo tanto, en la Bisbal del Pened\u00e8s queda suspendida la actividad lectiva en la escuela Ull de Vent, el instituto Coster de la Torre y la Llar d&#8217;infants municipal l&#8217;Oreneta. Asimismo, la actividad de Carnaval prevista en la guarder\u00eda quedar\u00e1 aplazada.<\/p>\n\n\n\n<p>Desde Protecci\u00f3 Civil de la Generalitat insisten en extremar las precauciones, sobre todo en el exterior, y evitar la movilidad.<\/p>\n\n\n\n<p>Os recordamos que,\u00a0<strong>si os encontr\u00e1is ante una emergencia, ten\u00e9is que llamar al 112.<\/strong><\/p>\n\n\n\n<p>Pod\u00e9is ampliar la informaci\u00f3n en el enlace:<br><a rel=\"noreferrer noopener\" href=\"https:\/\/govern.cat\/salapremsa\/notes-premsa\/790652\/risc-extrem-ventades-catalunya-limita-mobilitat-se-suspen-lactivitat-educativa-assistencial\" target=\"_blank\">https:\/\/govern.cat\/salapremsa\/notes-premsa\/790652\/risc-extrem-ventades-catalunya-limita-mobilitat-se-suspen-lactivitat-educativa-assistencial<\/a><\/p>\n\n\n\n<p>Para consultar la previsi\u00f3n meteorol\u00f3gica pod\u00e9is acceder a:<br><a href=\"https:\/\/govern.cat\/salapremsa\/notes-premsa\/790652\/risc-extrem-ventades-catalunya-limita-mobilitat-se-suspen-lactivitat-educativa-assistencial\">https:\/\/govern.cat\/salapremsa\/notes-premsa\/790652\/risc-extrem-ventades-catalunya-limita-mobilitat-se-suspen-lactivitat-educativa-assistencial<\/a><\/p>\n","protected":false},"excerpt":{"rendered":"<p>El Servei Meteorol\u00f2gic de Catalunya preveu que aquest dijous 12 de febrer hi pugui haver ratxes de vent superiors als 108 km\/h de manera generalitzada a tot el pa\u00eds. Aquest &hellip; <a href=\"https:\/\/bisbalpenedes.com\/web\/2026\/02\/11\/se-suspen-lactivitat-educativa-i-assistencial-daquest-dijous-per-risc-extrem-de-ventades\/\" class=\"more-link\">Read More<\/a><\/p>\n","protected":false},"author":4,"featured_media":36230,"comment_status":"closed","ping_status":"closed","sticky":false,"template":"","format":"standard","meta":[],"categories":[1628,2543,8],"tags":[5960,459,393,3362,4047],"_links":{"self":[{"href":"https:\/\/bisbalpenedes.com\/web\/wp-json\/wp\/v2\/posts\/36229"}],"collection":[{"href":"https:\/\/bisbalpenedes.com\/web\/wp-json\/wp\/v2\/posts"}],"about":[{"href":"https:\/\/bisbalpenedes.com\/web\/wp-json\/wp\/v2\/types\/post"}],"author":[{"embeddable":true,"href":"https:\/\/bisbalpenedes.com\/web\/wp-json\/wp\/v2\/users\/4"}],"replies":[{"embeddable":true,"href":"https:\/\/bisbalpenedes.com\/web\/wp-json\/wp\/v2\/comments?post=36229"}],"version-history":[{"count":1,"href":"https:\/\/bisbalpenedes.com\/web\/wp-json\/wp\/v2\/posts\/36229\/revisions"}],"predecessor-version":[{"id":36237,"href":"https:\/\/bisbalpenedes.com\/web\/wp-json\/wp\/v2\/posts\/36229\/revisions\/36237"}],"wp:featuredmedia":[{"embeddable":true,"href":"https:\/\/bisbalpenedes.com\/web\/wp-json\/wp\/v2\/media\/36230"}],"wp:attachment":[{"href":"https:\/\/bisbalpenedes.com\/web\/wp-json\/wp\/v2\/media?parent=36229"}],"wp:term":[{"taxonomy":"category","embeddable":true,"href":"https:\/\/bisbalpenedes.com\/web\/wp-json\/wp\/v2\/categories?post=36229"},{"taxonomy":"post_tag","embeddable":true,"href":"https:\/\/bisbalpenedes.com\/web\/wp-json\/wp\/v2\/tags?post=36229"}],"curies":[{"name":"wp","href":"https:\/\/api.w.org\/{rel}","templated":true}]}}