{"id":36222,"date":"2026-02-10T21:56:10","date_gmt":"2026-02-10T19:56:10","guid":{"rendered":"https:\/\/bisbalpenedes.com\/web\/?p=36222"},"modified":"2026-02-10T21:56:11","modified_gmt":"2026-02-10T19:56:11","slug":"avis-per-vent-per-al-dimecres-11-i-el-dijous-12-de-febrer","status":"publish","type":"post","link":"https:\/\/bisbalpenedes.com\/web\/2026\/02\/10\/avis-per-vent-per-al-dimecres-11-i-el-dijous-12-de-febrer\/","title":{"rendered":"Av\u00eds per vent per al dimecres 11 i el dijous 12 de febrer"},"content":{"rendered":"\n<p>El Servei Meteorol\u00f2gic de Catalunya ha em\u00e8s un av\u00eds per vent per dem\u00e0 dimecres i el pr\u00f2xim dijous.<\/p>\n\n\n\n<p>Extremeu les precaucions.<\/p>\n\n\n\n<p>M\u00e9s informaci\u00f3: <a href=\"http:\/\/www.meteo.cat\" target=\"_blank\" rel=\"noreferrer noopener\">www.meteo.cat<\/a><\/p>\n\n\n\n<hr class=\"wp-block-separator has-alpha-channel-opacity\"\/>\n\n\n\n<p>El Servei Meteorol\u00f2gic de Catalunya ha emitido un aviso por viento para ma\u00f1ana mi\u00e9rcoles y el pr\u00f3ximo jueves.<\/p>\n\n\n\n<p>Extremad las precauciones.<\/p>\n\n\n\n<p>M\u00e1s informaci\u00f3n: <a href=\"http:\/\/www.meteo.cat\" target=\"_blank\" rel=\"noreferrer noopener\">www.meteo.cat<\/a><\/p>\n\n\n\n<figure class=\"wp-container-2 wp-block-gallery-1 wp-block-gallery has-nested-images columns-default is-cropped\">\n<figure class=\"wp-block-image size-large\"><img loading=\"lazy\" width=\"819\" height=\"1024\" data-id=\"36225\"  src=\"https:\/\/bisbalpenedes.com\/web\/wp-content\/uploads\/2026\/02\/1-819x1024.png\" alt=\"\" class=\"wp-image-36225\" srcset=\"https:\/\/bisbalpenedes.com\/web\/wp-content\/uploads\/2026\/02\/1-819x1024.png 819w, https:\/\/bisbalpenedes.com\/web\/wp-content\/uploads\/2026\/02\/1-240x300.png 240w, https:\/\/bisbalpenedes.com\/web\/wp-content\/uploads\/2026\/02\/1-768x960.png 768w, https:\/\/bisbalpenedes.com\/web\/wp-content\/uploads\/2026\/02\/1-600x750.png 600w, https:\/\/bisbalpenedes.com\/web\/wp-content\/uploads\/2026\/02\/1.png 1080w\" sizes=\"(max-width: 819px) 100vw, 819px\" \/><\/figure>\n\n\n\n<figure class=\"wp-block-image size-large\"><img loading=\"lazy\" width=\"819\" height=\"1024\" data-id=\"36226\"  src=\"https:\/\/bisbalpenedes.com\/web\/wp-content\/uploads\/2026\/02\/2-819x1024.png\" alt=\"\" class=\"wp-image-36226\" srcset=\"https:\/\/bisbalpenedes.com\/web\/wp-content\/uploads\/2026\/02\/2-819x1024.png 819w, https:\/\/bisbalpenedes.com\/web\/wp-content\/uploads\/2026\/02\/2-240x300.png 240w, https:\/\/bisbalpenedes.com\/web\/wp-content\/uploads\/2026\/02\/2-768x960.png 768w, https:\/\/bisbalpenedes.com\/web\/wp-content\/uploads\/2026\/02\/2-600x750.png 600w, https:\/\/bisbalpenedes.com\/web\/wp-content\/uploads\/2026\/02\/2.png 1080w\" sizes=\"(max-width: 819px) 100vw, 819px\" \/><\/figure>\n\n\n\n<figure class=\"wp-block-image size-large\"><img loading=\"lazy\" width=\"722\" height=\"1024\" data-id=\"36223\"  src=\"https:\/\/bisbalpenedes.com\/web\/wp-content\/uploads\/2026\/02\/IMG_5577-722x1024.jpeg\" alt=\"\" class=\"wp-image-36223\" srcset=\"https:\/\/bisbalpenedes.com\/web\/wp-content\/uploads\/2026\/02\/IMG_5577-722x1024.jpeg 722w, https:\/\/bisbalpenedes.com\/web\/wp-content\/uploads\/2026\/02\/IMG_5577-212x300.jpeg 212w, https:\/\/bisbalpenedes.com\/web\/wp-content\/uploads\/2026\/02\/IMG_5577-768x1089.jpeg 768w, https:\/\/bisbalpenedes.com\/web\/wp-content\/uploads\/2026\/02\/IMG_5577-600x851.jpeg 600w, https:\/\/bisbalpenedes.com\/web\/wp-content\/uploads\/2026\/02\/IMG_5577.jpeg 875w\" sizes=\"(max-width: 722px) 100vw, 722px\" \/><\/figure>\n\n\n\n<figure class=\"wp-block-image size-large\"><img loading=\"lazy\" width=\"722\" height=\"1024\" data-id=\"36224\"  src=\"https:\/\/bisbalpenedes.com\/web\/wp-content\/uploads\/2026\/02\/IMG_5396-722x1024.jpeg\" alt=\"\" class=\"wp-image-36224\" srcset=\"https:\/\/bisbalpenedes.com\/web\/wp-content\/uploads\/2026\/02\/IMG_5396-722x1024.jpeg 722w, https:\/\/bisbalpenedes.com\/web\/wp-content\/uploads\/2026\/02\/IMG_5396-212x300.jpeg 212w, https:\/\/bisbalpenedes.com\/web\/wp-content\/uploads\/2026\/02\/IMG_5396-768x1089.jpeg 768w, https:\/\/bisbalpenedes.com\/web\/wp-content\/uploads\/2026\/02\/IMG_5396-600x851.jpeg 600w, https:\/\/bisbalpenedes.com\/web\/wp-content\/uploads\/2026\/02\/IMG_5396.jpeg 875w\" sizes=\"(max-width: 722px) 100vw, 722px\" \/><\/figure>\n<\/figure>\n","protected":false},"excerpt":{"rendered":"<p>El Servei Meteorol\u00f2gic de Catalunya ha em\u00e8s un av\u00eds per vent per dem\u00e0 dimecres i el pr\u00f2xim dijous. Extremeu les precaucions. M\u00e9s informaci\u00f3: www.meteo.cat El Servei Meteorol\u00f2gic de Catalunya ha &hellip; <a href=\"https:\/\/bisbalpenedes.com\/web\/2026\/02\/10\/avis-per-vent-per-al-dimecres-11-i-el-dijous-12-de-febrer\/\" class=\"more-link\">Read More<\/a><\/p>\n","protected":false},"author":4,"featured_media":35841,"comment_status":"closed","ping_status":"closed","sticky":false,"template":"","format":"standard","meta":[],"categories":[1628,2543,8],"tags":[459,393,5890,1374,1187],"_links":{"self":[{"href":"https:\/\/bisbalpenedes.com\/web\/wp-json\/wp\/v2\/posts\/36222"}],"collection":[{"href":"https:\/\/bisbalpenedes.com\/web\/wp-json\/wp\/v2\/posts"}],"about":[{"href":"https:\/\/bisbalpenedes.com\/web\/wp-json\/wp\/v2\/types\/post"}],"author":[{"embeddable":true,"href":"https:\/\/bisbalpenedes.com\/web\/wp-json\/wp\/v2\/users\/4"}],"replies":[{"embeddable":true,"href":"https:\/\/bisbalpenedes.com\/web\/wp-json\/wp\/v2\/comments?post=36222"}],"version-history":[{"count":1,"href":"https:\/\/bisbalpenedes.com\/web\/wp-json\/wp\/v2\/posts\/36222\/revisions"}],"predecessor-version":[{"id":36227,"href":"https:\/\/bisbalpenedes.com\/web\/wp-json\/wp\/v2\/posts\/36222\/revisions\/36227"}],"wp:featuredmedia":[{"embeddable":true,"href":"https:\/\/bisbalpenedes.com\/web\/wp-json\/wp\/v2\/media\/35841"}],"wp:attachment":[{"href":"https:\/\/bisbalpenedes.com\/web\/wp-json\/wp\/v2\/media?parent=36222"}],"wp:term":[{"taxonomy":"category","embeddable":true,"href":"https:\/\/bisbalpenedes.com\/web\/wp-json\/wp\/v2\/categories?post=36222"},{"taxonomy":"post_tag","embeddable":true,"href":"https:\/\/bisbalpenedes.com\/web\/wp-json\/wp\/v2\/tags?post=36222"}],"curies":[{"name":"wp","href":"https:\/\/api.w.org\/{rel}","templated":true}]}}