{"id":3622,"date":"2017-10-16T16:13:06","date_gmt":"2017-10-16T10:13:06","guid":{"rendered":"http:\/\/bisbalpenedes.com\/web\/?p=3622"},"modified":"2017-10-16T16:13:06","modified_gmt":"2017-10-16T10:13:06","slug":"el-29-doctubre-vine-a-veure-estiu-1993-a-lauditori-salba-del-cmc-en-el-marc-del-cicle-gaudi","status":"publish","type":"post","link":"https:\/\/bisbalpenedes.com\/web\/2017\/10\/16\/el-29-doctubre-vine-a-veure-estiu-1993-a-lauditori-salba-del-cmc-en-el-marc-del-cicle-gaudi\/","title":{"rendered":"El 29 d&#8217;octubre vine a veure &#8216;Estiu 1993&#8217; a l&#8217;Auditori Salb\u00e0 del CMC en el marc del Cicle Gaud\u00ed"},"content":{"rendered":"<p>El diumenge 29 d\u2019octubre podreu gaudir de la pel\u00b7l\u00edcula \u201cEstiu 1993\u201d a l&#8217;Auditori Salb\u00e0 del CMC. Es tracta d&#8217;una com\u00e8dia dram\u00e0tica de la directora Carla Sim\u00f3n que s&#8217;ofereix en el marc del Cicle Gaud\u00ed.<a href=\"http:\/\/bisbalpenedes.com\/web\/wp-content\/uploads\/2017\/10\/VISUALS_A3_ESTIU1993_LA_BISBAL_PENEDES.jpg\"><img loading=\"lazy\" class=\"aligncenter size-large wp-image-3623\" src=\"http:\/\/bisbalpenedes.com\/web\/wp-content\/uploads\/2017\/10\/VISUALS_A3_ESTIU1993_LA_BISBAL_PENEDES-728x1024.jpg\" alt=\"Cicle Gaud\u00ed La Bisbal Octubre\" width=\"630\" height=\"886\" srcset=\"https:\/\/bisbalpenedes.com\/web\/wp-content\/uploads\/2017\/10\/VISUALS_A3_ESTIU1993_LA_BISBAL_PENEDES-728x1024.jpg 728w, https:\/\/bisbalpenedes.com\/web\/wp-content\/uploads\/2017\/10\/VISUALS_A3_ESTIU1993_LA_BISBAL_PENEDES-600x843.jpg 600w, https:\/\/bisbalpenedes.com\/web\/wp-content\/uploads\/2017\/10\/VISUALS_A3_ESTIU1993_LA_BISBAL_PENEDES-213x300.jpg 213w, https:\/\/bisbalpenedes.com\/web\/wp-content\/uploads\/2017\/10\/VISUALS_A3_ESTIU1993_LA_BISBAL_PENEDES-768x1080.jpg 768w, https:\/\/bisbalpenedes.com\/web\/wp-content\/uploads\/2017\/10\/VISUALS_A3_ESTIU1993_LA_BISBAL_PENEDES.jpg 1146w\" sizes=\"(max-width: 630px) 100vw, 630px\" \/><\/a><a href=\"http:\/\/bisbalpenedes.com\/web\/wp-content\/uploads\/2017\/10\/VISUALS_A3_ESTIU1993_LA_BISBAL_PENEDES.jpg\"><br \/>\n<\/a><\/p>\n<div class=\"wpb_text_column wpb_content_element \">\n<h2 class=\"wpb_wrapper\"><span style=\"text-decoration: underline;\">FITXA\u00a0T\u00c8CNICA &#8220;Estiu 1993&#8221;<\/span><\/h2>\n<\/div>\n<div class=\"wpb_text_column wpb_content_element \">\n<div class=\"wpb_wrapper\">\n<p>\u00a0Direcci\u00f3:\u00a0<strong>Carla Sim\u00f3n<\/strong><\/p>\n<p>Gui\u00f3:\u00a0<strong>Carla Sim\u00f3n<\/strong><\/p>\n<p>M\u00fasica:\u00a0<strong>Ernest Pip\u00f3<\/strong><\/p>\n<p>Estrena:\u00a0<strong>Juny de 2017<\/strong><\/p>\n<p>Durada:\u00a0<strong>96\u00a0min.<\/strong><\/p>\n<p>G\u00e8nere:\u00a0<strong>Com\u00e8dia dram\u00e0tica<\/strong><\/p>\n<p>Versi\u00f3:\u00a0<strong>Original en catal\u00e0<\/strong><\/p>\n<h2><span style=\"text-decoration: underline;\">Int\u00e8rprets:<\/span><\/h2>\n<p>David Verdaguer, Bruna Cus\u00ed, Laia Artigas, Paula Robles, Paula Blanco, Etna Campillo<\/p>\n<\/div>\n<h2><strong><span style=\"text-decoration: underline;\">Sinopsi:<\/span><\/strong><\/h2>\n<p>La Frida, una nena de sis anys, s\u2019enfronta al primer estiu amb la seva nova fam\u00edlia adoptiva. Un film sobre la dif\u00edcil inf\u00e0ncia d\u2019una nena que apr\u00e8n a encaixar en un m\u00f3n rural mentre supera la mort de la seva mare.<\/p>\n<p><iframe loading=\"lazy\" src=\"https:\/\/www.youtube.com\/embed\/BYCfnZ_Z2xk\" width=\"560\" height=\"315\" frameborder=\"0\" allowfullscreen=\"allowfullscreen\"><\/iframe><\/p>\n<p>Escolta la falca a Soundcloud:<br \/>\n<iframe loading=\"lazy\" src=\"https:\/\/w.soundcloud.com\/player\/?url=https%3A\/\/api.soundcloud.com\/tracks\/347118971&amp;color=%23ff5500&amp;auto_play=false&amp;hide_related=false&amp;show_comments=true&amp;show_user=true&amp;show_reposts=false&amp;show_teaser=true&amp;visual=true\" width=\"100%\" height=\"300\" frameborder=\"no\" scrolling=\"no\"><\/iframe><\/p>\n<\/div>\n<p>El preu general de l\u2019entrada ser\u00e0 de 4,5\u20ac i un preu redu\u00eft de 3\u20ac presentant el carnet de la Biblioteca Municipal de La Bisbal.<\/p>\n<p>Quant a la recaptaci\u00f3, aquesta es destinar\u00e0 a l\u2019entitat del poble que s\u2019encarregui de gestionar la taquilla en cadascuna de les projeccions (es va fer un sorteig entre les entitats que havien presentat sol\u00b7licitud)<\/p>\n","protected":false},"excerpt":{"rendered":"<p>El diumenge 29 d\u2019octubre podreu gaudir de la pel\u00b7l\u00edcula \u201cEstiu 1993\u201d a l&#8217;Auditori Salb\u00e0 del CMC. Es tracta d&#8217;una com\u00e8dia dram\u00e0tica de la directora Carla Sim\u00f3n que s&#8217;ofereix en el &hellip; <a href=\"https:\/\/bisbalpenedes.com\/web\/2017\/10\/16\/el-29-doctubre-vine-a-veure-estiu-1993-a-lauditori-salba-del-cmc-en-el-marc-del-cicle-gaudi\/\" class=\"more-link\">Read More<\/a><\/p>\n","protected":false},"author":4,"featured_media":3623,"comment_status":"closed","ping_status":"closed","sticky":false,"template":"","format":"standard","meta":[],"categories":[13],"tags":[755,753,868,813,307,761,226,225,867,869,752,870,771],"_links":{"self":[{"href":"https:\/\/bisbalpenedes.com\/web\/wp-json\/wp\/v2\/posts\/3622"}],"collection":[{"href":"https:\/\/bisbalpenedes.com\/web\/wp-json\/wp\/v2\/posts"}],"about":[{"href":"https:\/\/bisbalpenedes.com\/web\/wp-json\/wp\/v2\/types\/post"}],"author":[{"embeddable":true,"href":"https:\/\/bisbalpenedes.com\/web\/wp-json\/wp\/v2\/users\/4"}],"replies":[{"embeddable":true,"href":"https:\/\/bisbalpenedes.com\/web\/wp-json\/wp\/v2\/comments?post=3622"}],"version-history":[{"count":1,"href":"https:\/\/bisbalpenedes.com\/web\/wp-json\/wp\/v2\/posts\/3622\/revisions"}],"predecessor-version":[{"id":3624,"href":"https:\/\/bisbalpenedes.com\/web\/wp-json\/wp\/v2\/posts\/3622\/revisions\/3624"}],"wp:featuredmedia":[{"embeddable":true,"href":"https:\/\/bisbalpenedes.com\/web\/wp-json\/wp\/v2\/media\/3623"}],"wp:attachment":[{"href":"https:\/\/bisbalpenedes.com\/web\/wp-json\/wp\/v2\/media?parent=3622"}],"wp:term":[{"taxonomy":"category","embeddable":true,"href":"https:\/\/bisbalpenedes.com\/web\/wp-json\/wp\/v2\/categories?post=3622"},{"taxonomy":"post_tag","embeddable":true,"href":"https:\/\/bisbalpenedes.com\/web\/wp-json\/wp\/v2\/tags?post=3622"}],"curies":[{"name":"wp","href":"https:\/\/api.w.org\/{rel}","templated":true}]}}