{"id":36217,"date":"2026-02-10T19:50:46","date_gmt":"2026-02-10T17:50:46","guid":{"rendered":"https:\/\/bisbalpenedes.com\/web\/?p=36217"},"modified":"2026-02-10T19:52:13","modified_gmt":"2026-02-10T17:52:13","slug":"el-cercle-poetic-bisbalenc-es-reunira-el-proxim-20-de-febrer-vols-formar-ne-part","status":"publish","type":"post","link":"https:\/\/bisbalpenedes.com\/web\/2026\/02\/10\/el-cercle-poetic-bisbalenc-es-reunira-el-proxim-20-de-febrer-vols-formar-ne-part\/","title":{"rendered":"El Cercle Po\u00e8tic Bisbalenc es reunir\u00e0 el pr\u00f2xim 20 de febrer. Vols formar-ne part?"},"content":{"rendered":"\n<p>El pr\u00f2xim divendres 20 de febrer, a partir de les 18:45h, el Cercle Po\u00e8tic Bisbalenc es reunir\u00e0 a la Biblioteca p\u00fablica de la Bisbal del Pened\u00e8s.<\/p>\n\n\n\n<p>El &#8216;cercle&#8217; est\u00e0 obert a la participaci\u00f3 de tothom! Es tracta d\u2019un grup de lletraferits que va n\u00e9ixer el 23 d\u2019abril de 2021 amb l\u2019objectiu de fer trobades per donar for\u00e7a a la poesia i deixar espai tamb\u00e9 a la prosa o qualsevol forma d\u2019expressi\u00f3 art\u00edstica.<\/p>\n\n\n\n<p>Podeu contactar amb el grup o ampliar la informaci\u00f3 sobre l\u2019entitat a trav\u00e9s de:<br>X:&nbsp;<a href=\"https:\/\/x.com\/cerclebisbalenc\">https:\/\/x.com\/cerclebisbalenc<\/a><br>Instagram:&nbsp;<a href=\"https:\/\/www.instagram.com\/cerclepoeticbisbalenc\">www.instagram.com\/cerclepoeticbisbalenc<\/a><br>WordPress:&nbsp;<a href=\"https:\/\/cerclepoetic.wordpress.com\/\">https:\/\/cerclepoetic.wordpress.com<\/a><\/p>\n\n\n\n<hr class=\"wp-block-separator has-alpha-channel-opacity\"\/>\n\n\n\n<p>El pr\u00f3ximo viernes 20 de febrero, a partir de las 18:45 h, el Cercle Po\u00e8tic Bisbalenc se reunir\u00e1 en la Biblioteca p\u00fablica de la Bisbal del Pened\u00e8s.<br>\u00a1El &#8216;c\u00edrculo&#8217; est\u00e1 abierto a la participaci\u00f3n de todo el mundo! Se trata de un grupo de amantes de la literatura -y especialmente, de la poes\u00eda- que naci\u00f3 el 23 de abril de 2021 con el objetivo de realizar encuentros para dar fuerza a la poes\u00eda y dejar espacio tambi\u00e9n a la prosa o a cualquier forma de expresi\u00f3n art\u00edstica.<\/p>\n\n\n\n<p>Pod\u00e9is contactar o ampliar la informaci\u00f3n sobre la entidad a trav\u00e9s de:<br>X:&nbsp;<a href=\"https:\/\/x.com\/cerclebisbalenc\">https:\/\/x.com\/cerclebisbalenc<\/a><br>Instagram:&nbsp;<a href=\"https:\/\/www.instagram.com\/cerclepoeticbisbalenc\">www.instagram.com\/cerclepoeticbisbalenc<\/a><br>WordPress:&nbsp;<a href=\"https:\/\/cerclepoetic.wordpress.com\/\">https:\/\/cerclepoetic.wordpress.com<\/a><\/p>\n","protected":false},"excerpt":{"rendered":"<p>El pr\u00f2xim divendres 20 de febrer, a partir de les 18:45h, el Cercle Po\u00e8tic Bisbalenc es reunir\u00e0 a la Biblioteca p\u00fablica de la Bisbal del Pened\u00e8s. El &#8216;cercle&#8217; est\u00e0 obert &hellip; <a href=\"https:\/\/bisbalpenedes.com\/web\/2026\/02\/10\/el-cercle-poetic-bisbalenc-es-reunira-el-proxim-20-de-febrer-vols-formar-ne-part\/\" class=\"more-link\">Read More<\/a><\/p>\n","protected":false},"author":4,"featured_media":36209,"comment_status":"closed","ping_status":"closed","sticky":false,"template":"","format":"standard","meta":[],"categories":[2942,2478,13,20,8],"tags":[180,4462,2814,393],"_links":{"self":[{"href":"https:\/\/bisbalpenedes.com\/web\/wp-json\/wp\/v2\/posts\/36217"}],"collection":[{"href":"https:\/\/bisbalpenedes.com\/web\/wp-json\/wp\/v2\/posts"}],"about":[{"href":"https:\/\/bisbalpenedes.com\/web\/wp-json\/wp\/v2\/types\/post"}],"author":[{"embeddable":true,"href":"https:\/\/bisbalpenedes.com\/web\/wp-json\/wp\/v2\/users\/4"}],"replies":[{"embeddable":true,"href":"https:\/\/bisbalpenedes.com\/web\/wp-json\/wp\/v2\/comments?post=36217"}],"version-history":[{"count":2,"href":"https:\/\/bisbalpenedes.com\/web\/wp-json\/wp\/v2\/posts\/36217\/revisions"}],"predecessor-version":[{"id":36220,"href":"https:\/\/bisbalpenedes.com\/web\/wp-json\/wp\/v2\/posts\/36217\/revisions\/36220"}],"wp:featuredmedia":[{"embeddable":true,"href":"https:\/\/bisbalpenedes.com\/web\/wp-json\/wp\/v2\/media\/36209"}],"wp:attachment":[{"href":"https:\/\/bisbalpenedes.com\/web\/wp-json\/wp\/v2\/media?parent=36217"}],"wp:term":[{"taxonomy":"category","embeddable":true,"href":"https:\/\/bisbalpenedes.com\/web\/wp-json\/wp\/v2\/categories?post=36217"},{"taxonomy":"post_tag","embeddable":true,"href":"https:\/\/bisbalpenedes.com\/web\/wp-json\/wp\/v2\/tags?post=36217"}],"curies":[{"name":"wp","href":"https:\/\/api.w.org\/{rel}","templated":true}]}}