{"id":36213,"date":"2026-02-10T19:40:23","date_gmt":"2026-02-10T17:40:23","guid":{"rendered":"https:\/\/bisbalpenedes.com\/web\/?p=36213"},"modified":"2026-02-10T19:51:02","modified_gmt":"2026-02-10T17:51:02","slug":"el-dimecres-18-de-febrer-la-biblioteca-acollira-una-nova-sessio-del-club-de-lectura-tarda-de-llibres","status":"publish","type":"post","link":"https:\/\/bisbalpenedes.com\/web\/2026\/02\/10\/el-dimecres-18-de-febrer-la-biblioteca-acollira-una-nova-sessio-del-club-de-lectura-tarda-de-llibres\/","title":{"rendered":"El dimecres 18 de febrer la biblioteca acollir\u00e0 una nova sessi\u00f3 del club de lectura &#8220;Tarda de llibres&#8221;"},"content":{"rendered":"\n<p>El pr\u00f2xim dimecres 18 de febrer, a les 19h, la biblioteca acollir\u00e0 una nova sessi\u00f3 del club de lectura &#8220;Tarda de Llibres&#8221; amb Joan de Boer. L&#8217;obra a comentar, en aquesta ocasi\u00f3, ser\u00e0 &#8220;Blackwater 1. La Riuada&#8221;, de Michael McDowell.&nbsp;<\/p>\n\n\n\n<p>Us podeu inscriure a l&#8217;activitat i recollir el llibre a la biblioteca. Per a m\u00e9s informaci\u00f3, adreceu-vos al correu electr\u00f2nic&nbsp;<a rel=\"noreferrer noopener\" href=\"mailto:biblioteca@bisbalpenedes.com\" target=\"_blank\">biblioteca@bisbalpenedes.com<\/a><\/p>\n\n\n\n<hr class=\"wp-block-separator has-alpha-channel-opacity\"\/>\n\n\n\n<p>El pr\u00f3ximo mi\u00e9rcoles 18 de febrero, a las 19h, la biblioteca acoger\u00e1 una nueva sesi\u00f3n del club de lectura &#8220;Tarda de llibres&#8221; con Joan de Boer. La obra a comentar, en esta ocasi\u00f3n, ser\u00e1 &#8220;Blackwater 1. La Riada&#8221;, de Michael McDowell.<\/p>\n\n\n\n<p>Os pod\u00e9is inscribir a la actividad y recoger el libro en la biblioteca. Para m\u00e1s informaci\u00f3n, dirig\u00edos al correo electr\u00f3nico <a rel=\"noreferrer noopener\" href=\"mailto:biblioteca@bisbalpenedes.com\" target=\"_blank\">biblioteca@bisbalpenedes.com<\/a><\/p>\n\n\n\n<hr class=\"wp-block-separator has-alpha-channel-opacity\"\/>\n\n\n\n<p>Not\u00edcia relacionada: <a href=\"https:\/\/bisbalpenedes.com\/web\/2026\/01\/29\/la-biblioteca-publica-de-la-bisbal-del-penedes-continua-apostant-pel-club-de-lectura-tarda-de-llibres-aquest-2026\/\" target=\"_blank\" rel=\"noreferrer noopener\">https:\/\/bisbalpenedes.com\/web\/2026\/01\/29\/la-biblioteca-publica-de-la-bisbal-del-penedes-continua-apostant-pel-club-de-lectura-tarda-de-llibres-aquest-2026\/<\/a><\/p>\n","protected":false},"excerpt":{"rendered":"<p>El pr\u00f2xim dimecres 18 de febrer, a les 19h, la biblioteca acollir\u00e0 una nova sessi\u00f3 del club de lectura &#8220;Tarda de Llibres&#8221; amb Joan de Boer. L&#8217;obra a comentar, en &hellip; <a href=\"https:\/\/bisbalpenedes.com\/web\/2026\/02\/10\/el-dimecres-18-de-febrer-la-biblioteca-acollira-una-nova-sessio-del-club-de-lectura-tarda-de-llibres\/\" class=\"more-link\">Read More<\/a><\/p>\n","protected":false},"author":4,"featured_media":36210,"comment_status":"closed","ping_status":"closed","sticky":false,"template":"","format":"standard","meta":[],"categories":[2478,13,8],"tags":[180,7338,412,340,7188],"_links":{"self":[{"href":"https:\/\/bisbalpenedes.com\/web\/wp-json\/wp\/v2\/posts\/36213"}],"collection":[{"href":"https:\/\/bisbalpenedes.com\/web\/wp-json\/wp\/v2\/posts"}],"about":[{"href":"https:\/\/bisbalpenedes.com\/web\/wp-json\/wp\/v2\/types\/post"}],"author":[{"embeddable":true,"href":"https:\/\/bisbalpenedes.com\/web\/wp-json\/wp\/v2\/users\/4"}],"replies":[{"embeddable":true,"href":"https:\/\/bisbalpenedes.com\/web\/wp-json\/wp\/v2\/comments?post=36213"}],"version-history":[{"count":3,"href":"https:\/\/bisbalpenedes.com\/web\/wp-json\/wp\/v2\/posts\/36213\/revisions"}],"predecessor-version":[{"id":36219,"href":"https:\/\/bisbalpenedes.com\/web\/wp-json\/wp\/v2\/posts\/36213\/revisions\/36219"}],"wp:featuredmedia":[{"embeddable":true,"href":"https:\/\/bisbalpenedes.com\/web\/wp-json\/wp\/v2\/media\/36210"}],"wp:attachment":[{"href":"https:\/\/bisbalpenedes.com\/web\/wp-json\/wp\/v2\/media?parent=36213"}],"wp:term":[{"taxonomy":"category","embeddable":true,"href":"https:\/\/bisbalpenedes.com\/web\/wp-json\/wp\/v2\/categories?post=36213"},{"taxonomy":"post_tag","embeddable":true,"href":"https:\/\/bisbalpenedes.com\/web\/wp-json\/wp\/v2\/tags?post=36213"}],"curies":[{"name":"wp","href":"https:\/\/api.w.org\/{rel}","templated":true}]}}