{"id":36202,"date":"2026-02-10T15:33:50","date_gmt":"2026-02-10T13:33:50","guid":{"rendered":"https:\/\/bisbalpenedes.com\/web\/?p=36202"},"modified":"2026-03-24T21:00:29","modified_gmt":"2026-03-24T19:00:29","slug":"els-nous-murals-de-la-bisbal-del-penedes-protagonitzen-un-reportatge-de-televisio-el-vendrell","status":"publish","type":"post","link":"https:\/\/bisbalpenedes.com\/web\/2026\/02\/10\/els-nous-murals-de-la-bisbal-del-penedes-protagonitzen-un-reportatge-de-televisio-el-vendrell\/","title":{"rendered":"Els nous murals de la Bisbal del Pened\u00e8s protagonitzen un reportatge de Televisi\u00f3 El Vendrell"},"content":{"rendered":"\n<p>Aquest dissabte, un equip de Televisi\u00f3 El Vendrell ha visitat la Bisbal del Pened\u00e8s per enregistrar un reportatge dedicat als nous murals que s\u2019han incorporat al municipi.<\/p>\n\n\n\n<p>El mural de grans dimensions presideix la cantonada de la cooperativa, entre el carrer Major \/ pla\u00e7a Catalunya i el passatge de la Reixa. L\u2019obra ret homenatge a la tradici\u00f3 de l\u2019oliva i l\u2019oli, un llegat que es transmet de generaci\u00f3 en generaci\u00f3. Les mans arrugades de l\u2019avi i les mans joves de l\u2019infant, amb l\u2019olivera com a element central, evoquen molt m\u00e9s que un ofici: parlen d\u2019arrels, mem\u00f2ria i continu\u00eftat. L\u2019autor \u00e9s Lalone, el mateix artista que va pintar el mural del ti\u00f3 al carrer \u00c0ngel Guimer\u00e0.<\/p>\n\n\n\n<p>Paral\u00b7lelament, s\u2019han creat dos murals de format m\u00e9s petit, d\u2019estil fotoreclam, en una de les zones m\u00e9s comercials del municipi. Aquestes obres de petit format han anat a c\u00e0rrec de Ruldisseny, autor tamb\u00e9 del mural dels Safaretjos. Un dels murals es troba a les escales que connecten el carrer Major amb el carrer Montserrat (conegudes com les escales del Frankfurt) i t\u00e9 tem\u00e0tica comercial. L\u2019altre, situat al carrer de la Llibertat, representa un casteller de la Colla Castellera La Bisbal del Pened\u00e8s \u2013 Bous, i s&#8217;ha optat per aquesta tem\u00e0tica tenint en compte la proximitat amb la pla\u00e7a castellera.<\/p>\n\n\n\n<p>Amb aquestes incorporacions, la Ruta dels Murals s\u2019amplia i passa per m\u00e9s carrers comercials del municipi. D\u2019aquesta manera, a m\u00e9s d\u2019enriquir l\u2019experi\u00e8ncia tur\u00edstica, l\u2019art esdev\u00e9 tamb\u00e9 una eina de dinamitzaci\u00f3 i suport al comer\u00e7 local.<\/p>\n\n\n\n<figure class=\"wp-block-embed is-type-video is-provider-youtube wp-block-embed-youtube wp-embed-aspect-16-9 wp-has-aspect-ratio\"><div class=\"wp-block-embed__wrapper\">\n<iframe loading=\"lazy\" title=\"Nous murals a la Bisbal\" width=\"1170\" height=\"658\" src=\"https:\/\/www.youtube.com\/embed\/v8npznCX-KM?feature=oembed\" frameborder=\"0\" allow=\"accelerometer; autoplay; clipboard-write; encrypted-media; gyroscope; picture-in-picture; web-share\" referrerpolicy=\"strict-origin-when-cross-origin\" allowfullscreen><\/iframe>\n<\/div><\/figure>\n\n\n\n<hr class=\"wp-block-separator has-alpha-channel-opacity\"\/>\n\n\n\n<p>Este s\u00e1bado, un equipo de Televisi\u00f3 El Vendrell ha visitado la Bisbal del Pened\u00e8s para grabar un reportaje dedicado a los nuevos murales que se han incorporado al municipio.<\/p>\n\n\n\n<p>El mural de grandes dimensiones preside la esquina de la cooperativa, entre el carrer Major \/ pla\u00e7a Catalunya y el passatge de la Reixa. La obra rinde homenaje a la tradici\u00f3n de la aceituna y el aceite, un legado que se transmite de generaci\u00f3n en generaci\u00f3n. Las manos arrugadas del abuelo y las manos j\u00f3venes del ni\u00f1o, con el olivo como elemento central, evocan mucho m\u00e1s que un oficio: hablan de ra\u00edces, memoria y continuidad. El autor es Lalone, el mismo artista que pint\u00f3 el mural del ti\u00f3 en el carrer \u00c0ngel Guimer\u00e0.<\/p>\n\n\n\n<p>Paralelamente, se han creado dos murales de formato m\u00e1s peque\u00f1o, de estilo fotoreclamo, en una de las zonas m\u00e1s comerciales del municipio. Estas obras de peque\u00f1o formato han ido a cargo de Ruldisseny, autor tambi\u00e9n del mural dels Safaretjos. Uno de los murales se encuentra en las escaleras que conectan el carrer Major con el carrer Montserrat (conocidas como las escales del Frankfurt) y tiene tem\u00e1tica comercial. El otro, situado en el carrer de la Llibertat, representa a un casteller de la Colla Castellera La Bisbal del Pened\u00e8s Els Bous, y se ha optado por esta tem\u00e1tica teniendo en cuenta la proximidad con la plaza castellera.<\/p>\n\n\n\n<p>Con estas incorporaciones, la Ruta dels Murals se ampl\u00eda y pasa por m\u00e1s calles comerciales del municipio. De este modo, adem\u00e1s de enriquecer la experiencia tur\u00edstica, el arte se convierte tambi\u00e9n en una herramienta de dinamizaci\u00f3n y apoyo al comercio local.<\/p>\n\n\n\n<figure class=\"wp-container-2 wp-block-gallery-1 wp-block-gallery has-nested-images columns-default is-cropped\">\n<figure class=\"wp-block-image size-large\"><img loading=\"lazy\" width=\"768\" height=\"1024\" data-id=\"36204\"  src=\"https:\/\/bisbalpenedes.com\/web\/wp-content\/uploads\/2026\/02\/MURAL-FOTORECLAM-BOUS-1-768x1024.jpeg\" alt=\"\" class=\"wp-image-36204\" srcset=\"https:\/\/bisbalpenedes.com\/web\/wp-content\/uploads\/2026\/02\/MURAL-FOTORECLAM-BOUS-1-768x1024.jpeg 768w, https:\/\/bisbalpenedes.com\/web\/wp-content\/uploads\/2026\/02\/MURAL-FOTORECLAM-BOUS-1-225x300.jpeg 225w, https:\/\/bisbalpenedes.com\/web\/wp-content\/uploads\/2026\/02\/MURAL-FOTORECLAM-BOUS-1-1152x1536.jpeg 1152w, https:\/\/bisbalpenedes.com\/web\/wp-content\/uploads\/2026\/02\/MURAL-FOTORECLAM-BOUS-1-1536x2048.jpeg 1536w, https:\/\/bisbalpenedes.com\/web\/wp-content\/uploads\/2026\/02\/MURAL-FOTORECLAM-BOUS-1-600x800.jpeg 600w, https:\/\/bisbalpenedes.com\/web\/wp-content\/uploads\/2026\/02\/MURAL-FOTORECLAM-BOUS-1-scaled.jpeg 1920w\" sizes=\"(max-width: 768px) 100vw, 768px\" \/><\/figure>\n\n\n\n<figure class=\"wp-block-image size-large\"><img loading=\"lazy\" width=\"768\" height=\"1024\" data-id=\"36205\"  src=\"https:\/\/bisbalpenedes.com\/web\/wp-content\/uploads\/2026\/02\/MURAL-FOTORECLAM-COMERC\u0327-768x1024.jpeg\" alt=\"\" class=\"wp-image-36205\" srcset=\"https:\/\/bisbalpenedes.com\/web\/wp-content\/uploads\/2026\/02\/MURAL-FOTORECLAM-COMERC\u0327-768x1024.jpeg 768w, https:\/\/bisbalpenedes.com\/web\/wp-content\/uploads\/2026\/02\/MURAL-FOTORECLAM-COMERC\u0327-225x300.jpeg 225w, https:\/\/bisbalpenedes.com\/web\/wp-content\/uploads\/2026\/02\/MURAL-FOTORECLAM-COMERC\u0327-1152x1536.jpeg 1152w, https:\/\/bisbalpenedes.com\/web\/wp-content\/uploads\/2026\/02\/MURAL-FOTORECLAM-COMERC\u0327-1536x2048.jpeg 1536w, https:\/\/bisbalpenedes.com\/web\/wp-content\/uploads\/2026\/02\/MURAL-FOTORECLAM-COMERC\u0327-600x800.jpeg 600w, https:\/\/bisbalpenedes.com\/web\/wp-content\/uploads\/2026\/02\/MURAL-FOTORECLAM-COMERC\u0327-scaled.jpeg 1920w\" sizes=\"(max-width: 768px) 100vw, 768px\" \/><\/figure>\n<\/figure>\n\n\n\n<p><sup>Fotos: Ra\u00fal Gallego Fot\u00f3grafo \/ Suite of Art<\/sup><\/p>\n\n\n\n<iframe loading=\"lazy\" src=\"https:\/\/www.google.com\/maps\/d\/embed?mid=1cVZsHrjJBuMMB99NNbhmWRzrgwWoEpk&#038;ehbc=2E312F\" width=\"640\" height=\"480\"><\/iframe>\n","protected":false},"excerpt":{"rendered":"<p>Aquest dissabte, un equip de Televisi\u00f3 El Vendrell ha visitat la Bisbal del Pened\u00e8s per enregistrar un reportatge dedicat als nous murals que s\u2019han incorporat al municipi. El mural de &hellip; <a href=\"https:\/\/bisbalpenedes.com\/web\/2026\/02\/10\/els-nous-murals-de-la-bisbal-del-penedes-protagonitzen-un-reportatge-de-televisio-el-vendrell\/\" class=\"more-link\">Read More<\/a><\/p>\n","protected":false},"author":4,"featured_media":36206,"comment_status":"closed","ping_status":"closed","sticky":false,"template":"","format":"standard","meta":[],"categories":[3860,8,4878],"tags":[7337,329,6210,4204,393,1374,6501,5544],"_links":{"self":[{"href":"https:\/\/bisbalpenedes.com\/web\/wp-json\/wp\/v2\/posts\/36202"}],"collection":[{"href":"https:\/\/bisbalpenedes.com\/web\/wp-json\/wp\/v2\/posts"}],"about":[{"href":"https:\/\/bisbalpenedes.com\/web\/wp-json\/wp\/v2\/types\/post"}],"author":[{"embeddable":true,"href":"https:\/\/bisbalpenedes.com\/web\/wp-json\/wp\/v2\/users\/4"}],"replies":[{"embeddable":true,"href":"https:\/\/bisbalpenedes.com\/web\/wp-json\/wp\/v2\/comments?post=36202"}],"version-history":[{"count":3,"href":"https:\/\/bisbalpenedes.com\/web\/wp-json\/wp\/v2\/posts\/36202\/revisions"}],"predecessor-version":[{"id":37459,"href":"https:\/\/bisbalpenedes.com\/web\/wp-json\/wp\/v2\/posts\/36202\/revisions\/37459"}],"wp:featuredmedia":[{"embeddable":true,"href":"https:\/\/bisbalpenedes.com\/web\/wp-json\/wp\/v2\/media\/36206"}],"wp:attachment":[{"href":"https:\/\/bisbalpenedes.com\/web\/wp-json\/wp\/v2\/media?parent=36202"}],"wp:term":[{"taxonomy":"category","embeddable":true,"href":"https:\/\/bisbalpenedes.com\/web\/wp-json\/wp\/v2\/categories?post=36202"},{"taxonomy":"post_tag","embeddable":true,"href":"https:\/\/bisbalpenedes.com\/web\/wp-json\/wp\/v2\/tags?post=36202"}],"curies":[{"name":"wp","href":"https:\/\/api.w.org\/{rel}","templated":true}]}}