{"id":36113,"date":"2026-02-05T11:06:38","date_gmt":"2026-02-05T09:06:38","guid":{"rendered":"https:\/\/bisbalpenedes.com\/web\/?p=36113"},"modified":"2026-02-05T11:06:39","modified_gmt":"2026-02-05T09:06:39","slug":"el-dilluns-9-de-febrer-es-podra-recollir-el-material-del-nou-servei-de-recollida-selectiva-porta-a-porta-a-la-miralba","status":"publish","type":"post","link":"https:\/\/bisbalpenedes.com\/web\/2026\/02\/05\/el-dilluns-9-de-febrer-es-podra-recollir-el-material-del-nou-servei-de-recollida-selectiva-porta-a-porta-a-la-miralba\/","title":{"rendered":"El dilluns 9 de febrer es podr\u00e0 recollir el material del nou servei de recollida selectiva porta a porta a la Miralba"},"content":{"rendered":"\n<p>S&#8217;ha incorporat un nou punt informatiu i de recollida de material del nou servei de recollida selectiva porta a porta.<\/p>\n\n\n\n<ul><li>LA MIRALBA: Dilluns 9 de febrer de 9:30h a 13:00h<\/li><\/ul>\n\n\n\n<p>Podeu adre\u00e7ar-vos a qualsevol dels punts establerts, sigui quin sigui el vostre barri del vostre habitatge. Passades aquestes dates, si no hi heu pogut acudir, podreu adre\u00e7ar-vos a l&#8217;Ajuntament de la Bisbal del Pened\u00e8s.<\/p>\n\n\n\n<hr class=\"wp-block-separator has-alpha-channel-opacity\"\/>\n\n\n\n<p>Se ha incorporado un nuevo punto informativo y de recogida de material del nuevo servicio de recogida selectiva puerta a puerta.<\/p>\n\n\n\n<ul><li>LA MIRALBA: Lunes 9 de febrero de 9:30h a 13:00h<\/li><\/ul>\n\n\n\n<p>Pod\u00e9is acudir a cualquiera de los puntos establecidos, sea cual sea vuestro barrio de residencia. Pasadas estas fechas, si no hab\u00e9is podido acudir, podr\u00e9is dirigiros al Ajuntament de la Bisbal del Pened\u00e8s.<\/p>\n\n\n\n<figure class=\"wp-block-image size-large\"><img loading=\"lazy\" width=\"819\" height=\"1024\" src=\"https:\/\/bisbalpenedes.com\/web\/wp-content\/uploads\/2026\/02\/1-819x1024.jpg\" alt=\"\" class=\"wp-image-36115\" srcset=\"https:\/\/bisbalpenedes.com\/web\/wp-content\/uploads\/2026\/02\/1-819x1024.jpg 819w, https:\/\/bisbalpenedes.com\/web\/wp-content\/uploads\/2026\/02\/1-240x300.jpg 240w, https:\/\/bisbalpenedes.com\/web\/wp-content\/uploads\/2026\/02\/1-768x960.jpg 768w, https:\/\/bisbalpenedes.com\/web\/wp-content\/uploads\/2026\/02\/1-600x750.jpg 600w, https:\/\/bisbalpenedes.com\/web\/wp-content\/uploads\/2026\/02\/1.jpg 1080w\" sizes=\"(max-width: 819px) 100vw, 819px\" \/><\/figure>\n","protected":false},"excerpt":{"rendered":"<p>S&#8217;ha incorporat un nou punt informatiu i de recollida de material del nou servei de recollida selectiva porta a porta. LA MIRALBA: Dilluns 9 de febrer de 9:30h a 13:00h &hellip; <a href=\"https:\/\/bisbalpenedes.com\/web\/2026\/02\/05\/el-dilluns-9-de-febrer-es-podra-recollir-el-material-del-nou-servei-de-recollida-selectiva-porta-a-porta-a-la-miralba\/\" class=\"more-link\">Read More<\/a><\/p>\n","protected":false},"author":4,"featured_media":36114,"comment_status":"closed","ping_status":"closed","sticky":false,"template":"","format":"standard","meta":[],"categories":[3215,8],"tags":[459,2757,1479,393,246,1730,7316,357],"_links":{"self":[{"href":"https:\/\/bisbalpenedes.com\/web\/wp-json\/wp\/v2\/posts\/36113"}],"collection":[{"href":"https:\/\/bisbalpenedes.com\/web\/wp-json\/wp\/v2\/posts"}],"about":[{"href":"https:\/\/bisbalpenedes.com\/web\/wp-json\/wp\/v2\/types\/post"}],"author":[{"embeddable":true,"href":"https:\/\/bisbalpenedes.com\/web\/wp-json\/wp\/v2\/users\/4"}],"replies":[{"embeddable":true,"href":"https:\/\/bisbalpenedes.com\/web\/wp-json\/wp\/v2\/comments?post=36113"}],"version-history":[{"count":1,"href":"https:\/\/bisbalpenedes.com\/web\/wp-json\/wp\/v2\/posts\/36113\/revisions"}],"predecessor-version":[{"id":36116,"href":"https:\/\/bisbalpenedes.com\/web\/wp-json\/wp\/v2\/posts\/36113\/revisions\/36116"}],"wp:featuredmedia":[{"embeddable":true,"href":"https:\/\/bisbalpenedes.com\/web\/wp-json\/wp\/v2\/media\/36114"}],"wp:attachment":[{"href":"https:\/\/bisbalpenedes.com\/web\/wp-json\/wp\/v2\/media?parent=36113"}],"wp:term":[{"taxonomy":"category","embeddable":true,"href":"https:\/\/bisbalpenedes.com\/web\/wp-json\/wp\/v2\/categories?post=36113"},{"taxonomy":"post_tag","embeddable":true,"href":"https:\/\/bisbalpenedes.com\/web\/wp-json\/wp\/v2\/tags?post=36113"}],"curies":[{"name":"wp","href":"https:\/\/api.w.org\/{rel}","templated":true}]}}