{"id":36093,"date":"2026-02-04T20:55:19","date_gmt":"2026-02-04T18:55:19","guid":{"rendered":"https:\/\/bisbalpenedes.com\/web\/?p=36093"},"modified":"2026-02-12T21:24:57","modified_gmt":"2026-02-12T19:24:57","slug":"del-10-al-17-de-febrer-gaudeix-del-carnaval-a-la-cova-jove","status":"publish","type":"post","link":"https:\/\/bisbalpenedes.com\/web\/2026\/02\/04\/del-10-al-17-de-febrer-gaudeix-del-carnaval-a-la-cova-jove\/","title":{"rendered":"Tens entre 12 i 25 anys? Del 10 al 17 de febrer gaudeix del Carnaval a La Cova Jove!"},"content":{"rendered":"\n<p>La Cova Jove acollir\u00e0 diverses activitats gratu\u00eftes amb motiu de la celebraci\u00f3 del Carnaval! <\/p>\n\n\n\n<p>Si tens entre 12 i 25 anys, no les deixis passar!<\/p>\n\n\n\n<ul><li>Dimarts 10 de febrer, de 16h a 19h, taller de creaci\u00f3 de m\u00e0scares.<\/li><li>Divendres 13 de febrer, a les 16:30h, taller de creaci\u00f3 d&#8217;antifa\u00e7os (activitat prevista, anteriorment, per al dijous 12 de febrer).<\/li><li>Dimarts 17 de febrer, de 16h a 19h, festa de Carnaval. Pots venir disfressat\/ada per gaudir d&#8217;un bon ambient, jugar i berenar!<\/li><\/ul>\n\n\n\n<p>Per a m\u00e9s informaci\u00f3 pots enviar un missatge (DM) al perfil d&#8217;Instagram&nbsp;<a rel=\"noreferrer noopener\" href=\"https:\/\/www.instagram.com\/lacovajovebisbal\" target=\"_blank\">@lacovajovebisbal<\/a><\/p>\n\n\n\n<hr class=\"wp-block-separator has-alpha-channel-opacity\"\/>\n\n\n\n<p>\u00a1La Cova Jove acoger\u00e1 diversas actividades gratuitas con motivo de la celebraci\u00f3n del Carnaval!<\/p>\n\n\n\n<p>Si tienes entre 12 y 25 a\u00f1os, \u00a1no te las pierdas!<\/p>\n\n\n\n<ul><li>Martes 10 de febrero, de 16 h a 19 h, taller de creaci\u00f3n de m\u00e1scaras.<\/li><li>Viernes 13 de febrero, a las 16:30 h, taller de creaci\u00f3n de antifaces (actividad prevista, anteriormente, para el jueves 12 de febrero).<\/li><li>Martes 17 de febrero, de 16 h a 19 h, fiesta de Carnaval. \u00a1Puedes venir disfrazado\/a para disfrutar de un buen ambiente, jugar y merendar!<\/li><\/ul>\n\n\n\n<p>Para m\u00e1s informaci\u00f3n, puedes enviar un mensaje (DM) al perfil de Instagram <a rel=\"noreferrer noopener\" href=\"http:\/\/www.instagram.com\/lacovajovebisbal\" target=\"_blank\">@lacovajovebisbal<\/a><\/p>\n\n\n\n<figure class=\"wp-block-image size-large\"><img loading=\"lazy\" width=\"1024\" height=\"1024\" src=\"https:\/\/bisbalpenedes.com\/web\/wp-content\/uploads\/2026\/02\/carnaval-espai-jove-2-1024x1024.jpg\" alt=\"\" class=\"wp-image-36090\" srcset=\"https:\/\/bisbalpenedes.com\/web\/wp-content\/uploads\/2026\/02\/carnaval-espai-jove-2-1024x1024.jpg 1024w, https:\/\/bisbalpenedes.com\/web\/wp-content\/uploads\/2026\/02\/carnaval-espai-jove-2-300x300.jpg 300w, https:\/\/bisbalpenedes.com\/web\/wp-content\/uploads\/2026\/02\/carnaval-espai-jove-2-150x150.jpg 150w, https:\/\/bisbalpenedes.com\/web\/wp-content\/uploads\/2026\/02\/carnaval-espai-jove-2-768x768.jpg 768w, https:\/\/bisbalpenedes.com\/web\/wp-content\/uploads\/2026\/02\/carnaval-espai-jove-2-600x600.jpg 600w, https:\/\/bisbalpenedes.com\/web\/wp-content\/uploads\/2026\/02\/carnaval-espai-jove-2-100x100.jpg 100w, https:\/\/bisbalpenedes.com\/web\/wp-content\/uploads\/2026\/02\/carnaval-espai-jove-2.jpg 1080w\" sizes=\"(max-width: 1024px) 100vw, 1024px\" \/><\/figure>\n\n\n\n<figure class=\"wp-block-image size-large\"><img loading=\"lazy\" width=\"1024\" height=\"1024\" src=\"https:\/\/bisbalpenedes.com\/web\/wp-content\/uploads\/2026\/02\/CANVI-DATA-ACTIVITAT-MA\u0300SCARES-1024x1024.png\" alt=\"\" class=\"wp-image-36256\" srcset=\"https:\/\/bisbalpenedes.com\/web\/wp-content\/uploads\/2026\/02\/CANVI-DATA-ACTIVITAT-MA\u0300SCARES-1024x1024.png 1024w, https:\/\/bisbalpenedes.com\/web\/wp-content\/uploads\/2026\/02\/CANVI-DATA-ACTIVITAT-MA\u0300SCARES-300x300.png 300w, https:\/\/bisbalpenedes.com\/web\/wp-content\/uploads\/2026\/02\/CANVI-DATA-ACTIVITAT-MA\u0300SCARES-150x150.png 150w, https:\/\/bisbalpenedes.com\/web\/wp-content\/uploads\/2026\/02\/CANVI-DATA-ACTIVITAT-MA\u0300SCARES-768x767.png 768w, https:\/\/bisbalpenedes.com\/web\/wp-content\/uploads\/2026\/02\/CANVI-DATA-ACTIVITAT-MA\u0300SCARES-600x600.png 600w, https:\/\/bisbalpenedes.com\/web\/wp-content\/uploads\/2026\/02\/CANVI-DATA-ACTIVITAT-MA\u0300SCARES-100x100.png 100w, https:\/\/bisbalpenedes.com\/web\/wp-content\/uploads\/2026\/02\/CANVI-DATA-ACTIVITAT-MA\u0300SCARES.png 1284w\" sizes=\"(max-width: 1024px) 100vw, 1024px\" \/><\/figure>\n\n\n\n<figure class=\"wp-block-image size-large\"><img loading=\"lazy\" width=\"1024\" height=\"1024\" src=\"https:\/\/bisbalpenedes.com\/web\/wp-content\/uploads\/2026\/02\/carnaval-espai-jove-1-1-1024x1024.jpg\" alt=\"\" class=\"wp-image-36105\" srcset=\"https:\/\/bisbalpenedes.com\/web\/wp-content\/uploads\/2026\/02\/carnaval-espai-jove-1-1-1024x1024.jpg 1024w, https:\/\/bisbalpenedes.com\/web\/wp-content\/uploads\/2026\/02\/carnaval-espai-jove-1-1-300x300.jpg 300w, https:\/\/bisbalpenedes.com\/web\/wp-content\/uploads\/2026\/02\/carnaval-espai-jove-1-1-150x150.jpg 150w, https:\/\/bisbalpenedes.com\/web\/wp-content\/uploads\/2026\/02\/carnaval-espai-jove-1-1-768x768.jpg 768w, https:\/\/bisbalpenedes.com\/web\/wp-content\/uploads\/2026\/02\/carnaval-espai-jove-1-1-600x600.jpg 600w, https:\/\/bisbalpenedes.com\/web\/wp-content\/uploads\/2026\/02\/carnaval-espai-jove-1-1-100x100.jpg 100w, https:\/\/bisbalpenedes.com\/web\/wp-content\/uploads\/2026\/02\/carnaval-espai-jove-1-1.jpg 1080w\" sizes=\"(max-width: 1024px) 100vw, 1024px\" \/><\/figure>\n","protected":false},"excerpt":{"rendered":"<p>La Cova Jove acollir\u00e0 diverses activitats gratu\u00eftes amb motiu de la celebraci\u00f3 del Carnaval! Si tens entre 12 i 25 anys, no les deixis passar! Dimarts 10 de febrer, de &hellip; <a href=\"https:\/\/bisbalpenedes.com\/web\/2026\/02\/04\/del-10-al-17-de-febrer-gaudeix-del-carnaval-a-la-cova-jove\/\" class=\"more-link\">Read More<\/a><\/p>\n","protected":false},"author":4,"featured_media":36123,"comment_status":"closed","ping_status":"closed","sticky":false,"template":"","format":"standard","meta":[],"categories":[4269,8],"tags":[49,2930,7330,78,393,1509,7329,1247],"_links":{"self":[{"href":"https:\/\/bisbalpenedes.com\/web\/wp-json\/wp\/v2\/posts\/36093"}],"collection":[{"href":"https:\/\/bisbalpenedes.com\/web\/wp-json\/wp\/v2\/posts"}],"about":[{"href":"https:\/\/bisbalpenedes.com\/web\/wp-json\/wp\/v2\/types\/post"}],"author":[{"embeddable":true,"href":"https:\/\/bisbalpenedes.com\/web\/wp-json\/wp\/v2\/users\/4"}],"replies":[{"embeddable":true,"href":"https:\/\/bisbalpenedes.com\/web\/wp-json\/wp\/v2\/comments?post=36093"}],"version-history":[{"count":9,"href":"https:\/\/bisbalpenedes.com\/web\/wp-json\/wp\/v2\/posts\/36093\/revisions"}],"predecessor-version":[{"id":36259,"href":"https:\/\/bisbalpenedes.com\/web\/wp-json\/wp\/v2\/posts\/36093\/revisions\/36259"}],"wp:featuredmedia":[{"embeddable":true,"href":"https:\/\/bisbalpenedes.com\/web\/wp-json\/wp\/v2\/media\/36123"}],"wp:attachment":[{"href":"https:\/\/bisbalpenedes.com\/web\/wp-json\/wp\/v2\/media?parent=36093"}],"wp:term":[{"taxonomy":"category","embeddable":true,"href":"https:\/\/bisbalpenedes.com\/web\/wp-json\/wp\/v2\/categories?post=36093"},{"taxonomy":"post_tag","embeddable":true,"href":"https:\/\/bisbalpenedes.com\/web\/wp-json\/wp\/v2\/tags?post=36093"}],"curies":[{"name":"wp","href":"https:\/\/api.w.org\/{rel}","templated":true}]}}