{"id":36060,"date":"2026-02-03T19:14:19","date_gmt":"2026-02-03T17:14:19","guid":{"rendered":"https:\/\/bisbalpenedes.com\/web\/?p=36060"},"modified":"2026-02-03T19:26:48","modified_gmt":"2026-02-03T17:26:48","slug":"nou-servei-de-recollida-de-denuncies-a-la-bisbal-del-penedes","status":"publish","type":"post","link":"https:\/\/bisbalpenedes.com\/web\/2026\/02\/03\/nou-servei-de-recollida-de-denuncies-a-la-bisbal-del-penedes\/","title":{"rendered":"<a><strong>Nou servei de recollida de den\u00fancies a la Bisbal del Pened\u00e8s<\/strong><\/a>"},"content":{"rendered":"\n<p>Els Mossos d&#8217;Esquadra i el Consell Comarcal del Baix Pened\u00e8s han posat en marxa un nou servei de recollida de den\u00fancies als municipis de la comarca per facilitar-vos els tr\u00e0mits i millorar l\u2019atenci\u00f3 policial de proximitat.<\/p>\n\n\n\n<p>A partir d\u2019ara, si viviu a la Bisbal del Pened\u00e8s, podreu interposar den\u00fancies sense necessitat de despla\u00e7ar-vos fora del municipi. Si sou v\u00edctimes d\u2019un fet delictiu, us podreu adre\u00e7ar a l\u2019Ajuntament per comunicar la situaci\u00f3. Posteriorment, una patrulla dels Mossos d&#8217;Esquadra es posar\u00e0 en contacte amb vosaltres i es despla\u00e7ar\u00e0 a la Bisbal per formalitzar la den\u00fancia amb la persona afectada, en un espai habilitat i amb total discreci\u00f3.<\/p>\n\n\n\n<p>Aquest nou servei us permetr\u00e0 evitar despla\u00e7aments innecessaris a la comissaria i guanyar rapidesa en la resposta. Aix\u00ed, tamb\u00e9 es refor\u00e7a la proximitat del servei, especialment pensat per a persones amb dificultats de mobilitat o amb problemes per despla\u00e7ar-se.<\/p>\n\n\n\n<p>Durant la presentaci\u00f3, que va tenir lloc la setmana passada, l\u2019inspector en cap Joan Mulet va explicar que aquesta iniciativa forma part d\u2019una estrat\u00e8gia de modernitzaci\u00f3 m\u00e9s \u00e0mplia, que inclou el desenvolupament d\u2019una futura comissaria virtual. Aquest ser\u00e0 un pas m\u00e9s perqu\u00e8 pugueu fer gestions policials sense haver-vos de despla\u00e7ar.<\/p>\n\n\n\n<p>Des del Consell Comarcal del Baix Pened\u00e8s tamb\u00e9 es va destacar que es tracta d\u2019una millora clara del servei, que el fa m\u00e9s proper i \u00fatil, especialment per als ve\u00efns dels municipis m\u00e9s petits de la comarca, que fins ara us hav\u00edeu de despla\u00e7ar fins al Vendrell per presentar una den\u00fancia.<\/p>\n\n\n\n<p>L&#8217;alcaldessa en funcions, Judith Vidal, ha explicat que &#8220;aquest \u00e9s un gran pas per als municipis de la comarca, per facilitar les gestions a la ciutadania i evitar-los despla\u00e7aments. No obstant aix\u00f2, des del Consell d&#8217;alcaldes continuem insistint en la import\u00e0ncia d&#8217;ampliar els efectius de Mossos d&#8217;Esquadra a la comarca&#8221;.<\/p>\n\n\n\n<p>Val a dir que aquest servei no \u00e9s per a urg\u00e8ncies ni per a delictes en curs. Per a aquests casos, caldr\u00e0 adre\u00e7ar-se sempre al 112.<\/p>\n\n\n\n<figure class=\"wp-block-image size-large\"><img loading=\"lazy\" width=\"1024\" height=\"577\" src=\"https:\/\/bisbalpenedes.com\/web\/wp-content\/uploads\/2026\/02\/PHOTO-2026-02-03-18-08-59-1024x577.jpg\" alt=\"\" class=\"wp-image-36069\" srcset=\"https:\/\/bisbalpenedes.com\/web\/wp-content\/uploads\/2026\/02\/PHOTO-2026-02-03-18-08-59-1024x577.jpg 1024w, https:\/\/bisbalpenedes.com\/web\/wp-content\/uploads\/2026\/02\/PHOTO-2026-02-03-18-08-59-300x169.jpg 300w, https:\/\/bisbalpenedes.com\/web\/wp-content\/uploads\/2026\/02\/PHOTO-2026-02-03-18-08-59-768x432.jpg 768w, https:\/\/bisbalpenedes.com\/web\/wp-content\/uploads\/2026\/02\/PHOTO-2026-02-03-18-08-59-1536x865.jpg 1536w, https:\/\/bisbalpenedes.com\/web\/wp-content\/uploads\/2026\/02\/PHOTO-2026-02-03-18-08-59-600x338.jpg 600w, https:\/\/bisbalpenedes.com\/web\/wp-content\/uploads\/2026\/02\/PHOTO-2026-02-03-18-08-59.jpg 2000w\" sizes=\"(max-width: 1024px) 100vw, 1024px\" \/><\/figure>\n\n\n\n<hr class=\"wp-block-separator has-alpha-channel-opacity\"\/>\n\n\n\n<h2><strong>Nuevo servicio de recogida de denuncias en la Bisbal del Pened\u00e8s<\/strong><\/h2>\n\n\n\n<p>Los Mossos d&#8217;Esquadra y el Consell Comarcal del Baix Pened\u00e8s han puesto en marcha un nuevo servicio de recogida de denuncias en los municipios de la comarca para facilitaros los tr\u00e1mites y mejorar la atenci\u00f3n policial de proximidad.<\/p>\n\n\n\n<p>A partir de ahora, si viv\u00eds en la Bisbal del Pened\u00e8s, podr\u00e9is interponer denuncias sin necesidad de desplazaros fuera del municipio. Si sois v\u00edctimas de un hecho delictivo, podr\u00e9is dirigiros al Ayuntamiento para comunicar la situaci\u00f3n. Posteriormente, una patrulla de los Mossos d&#8217;Esquadra se pondr\u00e1 en contacto con vosotros y se desplazar\u00e1 a la Bisbal para formalizar la denuncia con la persona afectada, en un espacio habilitado y con total discreci\u00f3n.<\/p>\n\n\n\n<p>Este nuevo servicio os permitir\u00e1 evitar desplazamientos innecesarios a la comisar\u00eda y ganar rapidez en la respuesta. As\u00ed, tambi\u00e9n se refuerza la proximidad del servicio, especialmente pensado para personas con dificultades de movilidad o con problemas para desplazarse.<\/p>\n\n\n\n<p>Durante la presentaci\u00f3n, que tuvo lugar la semana pasada, el inspector jefe Joan Mulet explic\u00f3 que esta iniciativa forma parte de una estrategia de modernizaci\u00f3n m\u00e1s amplia, que incluye el desarrollo de una futura comisar\u00eda virtual. Este ser\u00e1 un paso m\u00e1s para que pod\u00e1is realizar gestiones policiales sin tener que desplazaros.<\/p>\n\n\n\n<p>Desde el Consell Comarcal del Baix Pened\u00e8s tambi\u00e9n se destac\u00f3 que se trata de una mejora clara del servicio, que lo hace m\u00e1s cercano y \u00fatil, especialmente para los &nbsp;vecinos de los municipios m\u00e1s peque\u00f1os de la comarca que hasta ahora os ten\u00edais que desplazar hasta El Vendrell para presentar una denuncia.<br><br>La alcaldesa en funciones, Judith Vidal, ha explicado que \u201ceste es un gran paso para los municipios de la comarca, para facilitar las gestiones a la ciudadan\u00eda y evitarles desplazamientos. No obstante, desde el Consell d&#8217;alcaldes seguimos insistiendo en la importancia de ampliar los efectivos de Mossos d&#8217;Esquadra en la comarca\u201d.<br><br>Cabe decir que este servicio no es para urgencias ni para delitos en curso. Para estos casos, habr\u00e1 que dirigirse siempre al 112.<br><br><\/p>\n","protected":false},"excerpt":{"rendered":"<p>Els Mossos d&#8217;Esquadra i el Consell Comarcal del Baix Pened\u00e8s han posat en marxa un nou servei de recollida de den\u00fancies als municipis de la comarca per facilitar-vos els tr\u00e0mits &hellip; <a href=\"https:\/\/bisbalpenedes.com\/web\/2026\/02\/03\/nou-servei-de-recollida-de-denuncies-a-la-bisbal-del-penedes\/\" class=\"more-link\">Read More<\/a><\/p>\n","protected":false},"author":4,"featured_media":36068,"comment_status":"closed","ping_status":"closed","sticky":false,"template":"","format":"standard","meta":[],"categories":[3137,8,4149],"tags":[459,1056,6772,393],"_links":{"self":[{"href":"https:\/\/bisbalpenedes.com\/web\/wp-json\/wp\/v2\/posts\/36060"}],"collection":[{"href":"https:\/\/bisbalpenedes.com\/web\/wp-json\/wp\/v2\/posts"}],"about":[{"href":"https:\/\/bisbalpenedes.com\/web\/wp-json\/wp\/v2\/types\/post"}],"author":[{"embeddable":true,"href":"https:\/\/bisbalpenedes.com\/web\/wp-json\/wp\/v2\/users\/4"}],"replies":[{"embeddable":true,"href":"https:\/\/bisbalpenedes.com\/web\/wp-json\/wp\/v2\/comments?post=36060"}],"version-history":[{"count":8,"href":"https:\/\/bisbalpenedes.com\/web\/wp-json\/wp\/v2\/posts\/36060\/revisions"}],"predecessor-version":[{"id":36071,"href":"https:\/\/bisbalpenedes.com\/web\/wp-json\/wp\/v2\/posts\/36060\/revisions\/36071"}],"wp:featuredmedia":[{"embeddable":true,"href":"https:\/\/bisbalpenedes.com\/web\/wp-json\/wp\/v2\/media\/36068"}],"wp:attachment":[{"href":"https:\/\/bisbalpenedes.com\/web\/wp-json\/wp\/v2\/media?parent=36060"}],"wp:term":[{"taxonomy":"category","embeddable":true,"href":"https:\/\/bisbalpenedes.com\/web\/wp-json\/wp\/v2\/categories?post=36060"},{"taxonomy":"post_tag","embeddable":true,"href":"https:\/\/bisbalpenedes.com\/web\/wp-json\/wp\/v2\/tags?post=36060"}],"curies":[{"name":"wp","href":"https:\/\/api.w.org\/{rel}","templated":true}]}}