{"id":36037,"date":"2026-01-31T11:04:22","date_gmt":"2026-01-31T09:04:22","guid":{"rendered":"https:\/\/bisbalpenedes.com\/web\/?p=36037"},"modified":"2026-01-31T11:05:18","modified_gmt":"2026-01-31T09:05:18","slug":"actualitzacio-avis-per-vent-per-al-dissabte-31-de-gener","status":"publish","type":"post","link":"https:\/\/bisbalpenedes.com\/web\/2026\/01\/31\/actualitzacio-avis-per-vent-per-al-dissabte-31-de-gener\/","title":{"rendered":"Actualitzaci\u00f3: Av\u00eds per vent per al dissabte 31 de gener"},"content":{"rendered":"\n<p>El Servei Meteorol\u00f2gic de Catalunya ha actualitzat l&#8217;av\u00eds per vent per avui dissabte 31 de gener.<\/p>\n\n\n\n<p>Extremeu les precaucions.<\/p>\n\n\n\n<p>Per a m\u00e9s informaci\u00f3, accediu a <a href=\"http:\/\/www.meteo.cat\" target=\"_blank\" rel=\"noreferrer noopener\">www.meteo.cat<\/a><\/p>\n\n\n\n<hr class=\"wp-block-separator has-alpha-channel-opacity\"\/>\n\n\n\n<p>El Servei Meteorol\u00f2gic de Catalunya ha actualizado el aviso por viento para hoy s\u00e1bado 31 de enero.<\/p>\n\n\n\n<p>Extremad las precauciones.<\/p>\n\n\n\n<p>Para m\u00e1s informaci\u00f3n, acceded a <a href=\"http:\/\/www.meteo.cat\" target=\"_blank\" rel=\"noreferrer noopener\">www.meteo.cat<\/a><\/p>\n\n\n\n<figure class=\"wp-block-image size-large\"><img loading=\"lazy\" width=\"819\" height=\"1024\" src=\"https:\/\/bisbalpenedes.com\/web\/wp-content\/uploads\/2026\/01\/AVIS-VENT-31-GENER-ACTUALITZAT-819x1024.jpg\" alt=\"\" class=\"wp-image-36038\" srcset=\"https:\/\/bisbalpenedes.com\/web\/wp-content\/uploads\/2026\/01\/AVIS-VENT-31-GENER-ACTUALITZAT-819x1024.jpg 819w, https:\/\/bisbalpenedes.com\/web\/wp-content\/uploads\/2026\/01\/AVIS-VENT-31-GENER-ACTUALITZAT-240x300.jpg 240w, https:\/\/bisbalpenedes.com\/web\/wp-content\/uploads\/2026\/01\/AVIS-VENT-31-GENER-ACTUALITZAT-768x960.jpg 768w, https:\/\/bisbalpenedes.com\/web\/wp-content\/uploads\/2026\/01\/AVIS-VENT-31-GENER-ACTUALITZAT-600x750.jpg 600w, https:\/\/bisbalpenedes.com\/web\/wp-content\/uploads\/2026\/01\/AVIS-VENT-31-GENER-ACTUALITZAT.jpg 1080w\" sizes=\"(max-width: 819px) 100vw, 819px\" \/><\/figure>\n\n\n\n<figure class=\"wp-block-image size-large\"><img loading=\"lazy\" width=\"722\" height=\"1024\" src=\"https:\/\/bisbalpenedes.com\/web\/wp-content\/uploads\/2026\/01\/VENTADES-1-722x1024.jpg\" alt=\"\" class=\"wp-image-35964\" srcset=\"https:\/\/bisbalpenedes.com\/web\/wp-content\/uploads\/2026\/01\/VENTADES-1-722x1024.jpg 722w, https:\/\/bisbalpenedes.com\/web\/wp-content\/uploads\/2026\/01\/VENTADES-1-212x300.jpg 212w, https:\/\/bisbalpenedes.com\/web\/wp-content\/uploads\/2026\/01\/VENTADES-1-768x1089.jpg 768w, https:\/\/bisbalpenedes.com\/web\/wp-content\/uploads\/2026\/01\/VENTADES-1-600x851.jpg 600w, https:\/\/bisbalpenedes.com\/web\/wp-content\/uploads\/2026\/01\/VENTADES-1.jpg 875w\" sizes=\"(max-width: 722px) 100vw, 722px\" \/><\/figure>\n\n\n\n<figure class=\"wp-block-image size-large\"><img loading=\"lazy\" width=\"722\" height=\"1024\" src=\"https:\/\/bisbalpenedes.com\/web\/wp-content\/uploads\/2026\/01\/VENTADES-2-722x1024.jpg\" alt=\"\" class=\"wp-image-35965\" srcset=\"https:\/\/bisbalpenedes.com\/web\/wp-content\/uploads\/2026\/01\/VENTADES-2-722x1024.jpg 722w, https:\/\/bisbalpenedes.com\/web\/wp-content\/uploads\/2026\/01\/VENTADES-2-212x300.jpg 212w, https:\/\/bisbalpenedes.com\/web\/wp-content\/uploads\/2026\/01\/VENTADES-2-768x1089.jpg 768w, https:\/\/bisbalpenedes.com\/web\/wp-content\/uploads\/2026\/01\/VENTADES-2-600x851.jpg 600w, https:\/\/bisbalpenedes.com\/web\/wp-content\/uploads\/2026\/01\/VENTADES-2.jpg 875w\" sizes=\"(max-width: 722px) 100vw, 722px\" \/><\/figure>\n","protected":false},"excerpt":{"rendered":"<p>El Servei Meteorol\u00f2gic de Catalunya ha actualitzat l&#8217;av\u00eds per vent per avui dissabte 31 de gener. Extremeu les precaucions. Per a m\u00e9s informaci\u00f3, accediu a www.meteo.cat El Servei Meteorol\u00f2gic de &hellip; <a href=\"https:\/\/bisbalpenedes.com\/web\/2026\/01\/31\/actualitzacio-avis-per-vent-per-al-dissabte-31-de-gener\/\" class=\"more-link\">Read More<\/a><\/p>\n","protected":false},"author":4,"featured_media":35841,"comment_status":"closed","ping_status":"closed","sticky":false,"template":"","format":"standard","meta":[],"categories":[1628,2543,8],"tags":[],"_links":{"self":[{"href":"https:\/\/bisbalpenedes.com\/web\/wp-json\/wp\/v2\/posts\/36037"}],"collection":[{"href":"https:\/\/bisbalpenedes.com\/web\/wp-json\/wp\/v2\/posts"}],"about":[{"href":"https:\/\/bisbalpenedes.com\/web\/wp-json\/wp\/v2\/types\/post"}],"author":[{"embeddable":true,"href":"https:\/\/bisbalpenedes.com\/web\/wp-json\/wp\/v2\/users\/4"}],"replies":[{"embeddable":true,"href":"https:\/\/bisbalpenedes.com\/web\/wp-json\/wp\/v2\/comments?post=36037"}],"version-history":[{"count":2,"href":"https:\/\/bisbalpenedes.com\/web\/wp-json\/wp\/v2\/posts\/36037\/revisions"}],"predecessor-version":[{"id":36040,"href":"https:\/\/bisbalpenedes.com\/web\/wp-json\/wp\/v2\/posts\/36037\/revisions\/36040"}],"wp:featuredmedia":[{"embeddable":true,"href":"https:\/\/bisbalpenedes.com\/web\/wp-json\/wp\/v2\/media\/35841"}],"wp:attachment":[{"href":"https:\/\/bisbalpenedes.com\/web\/wp-json\/wp\/v2\/media?parent=36037"}],"wp:term":[{"taxonomy":"category","embeddable":true,"href":"https:\/\/bisbalpenedes.com\/web\/wp-json\/wp\/v2\/categories?post=36037"},{"taxonomy":"post_tag","embeddable":true,"href":"https:\/\/bisbalpenedes.com\/web\/wp-json\/wp\/v2\/tags?post=36037"}],"curies":[{"name":"wp","href":"https:\/\/api.w.org\/{rel}","templated":true}]}}