{"id":36031,"date":"2026-01-30T22:23:19","date_gmt":"2026-01-30T20:23:19","guid":{"rendered":"https:\/\/bisbalpenedes.com\/web\/?p=36031"},"modified":"2026-01-30T22:23:19","modified_gmt":"2026-01-30T20:23:19","slug":"avis-per-vent-per-al-dissabte-31-de-gener","status":"publish","type":"post","link":"https:\/\/bisbalpenedes.com\/web\/2026\/01\/30\/avis-per-vent-per-al-dissabte-31-de-gener\/","title":{"rendered":"Av\u00eds per vent per al dissabte 31 de gener"},"content":{"rendered":"\n<p>El Servei Meteorol\u00f2gic de Catalunya ha publicat un av\u00eds per vent per dem\u00e0 dissabte 31 de gener.<br>Extremeu les precaucions.<\/p>\n\n\n\n<hr class=\"wp-block-separator has-alpha-channel-opacity\"\/>\n\n\n\n<p>El Servei Meteorol\u00f2gic de Catalunya ha publicado un aviso por viento para ma\u00f1ana s\u00e1bado 31 de enero.<br>Extremad las precauciones.<\/p>\n\n\n\n<p><\/p>\n\n\n\n<figure class=\"wp-block-image size-large\"><img loading=\"lazy\" width=\"819\" height=\"1024\" src=\"https:\/\/bisbalpenedes.com\/web\/wp-content\/uploads\/2026\/01\/AVIS-VENT-31-GENER-819x1024.jpg\" alt=\"\" class=\"wp-image-36032\" srcset=\"https:\/\/bisbalpenedes.com\/web\/wp-content\/uploads\/2026\/01\/AVIS-VENT-31-GENER-819x1024.jpg 819w, https:\/\/bisbalpenedes.com\/web\/wp-content\/uploads\/2026\/01\/AVIS-VENT-31-GENER-240x300.jpg 240w, https:\/\/bisbalpenedes.com\/web\/wp-content\/uploads\/2026\/01\/AVIS-VENT-31-GENER-768x960.jpg 768w, https:\/\/bisbalpenedes.com\/web\/wp-content\/uploads\/2026\/01\/AVIS-VENT-31-GENER-600x750.jpg 600w, https:\/\/bisbalpenedes.com\/web\/wp-content\/uploads\/2026\/01\/AVIS-VENT-31-GENER.jpg 1080w\" sizes=\"(max-width: 819px) 100vw, 819px\" \/><\/figure>\n\n\n\n<figure class=\"wp-block-image size-large\"><img loading=\"lazy\" width=\"722\" height=\"1024\" src=\"https:\/\/bisbalpenedes.com\/web\/wp-content\/uploads\/2026\/01\/VENTADES-1-722x1024.jpg\" alt=\"\" class=\"wp-image-35964\" srcset=\"https:\/\/bisbalpenedes.com\/web\/wp-content\/uploads\/2026\/01\/VENTADES-1-722x1024.jpg 722w, https:\/\/bisbalpenedes.com\/web\/wp-content\/uploads\/2026\/01\/VENTADES-1-212x300.jpg 212w, https:\/\/bisbalpenedes.com\/web\/wp-content\/uploads\/2026\/01\/VENTADES-1-768x1089.jpg 768w, https:\/\/bisbalpenedes.com\/web\/wp-content\/uploads\/2026\/01\/VENTADES-1-600x851.jpg 600w, https:\/\/bisbalpenedes.com\/web\/wp-content\/uploads\/2026\/01\/VENTADES-1.jpg 875w\" sizes=\"(max-width: 722px) 100vw, 722px\" \/><\/figure>\n\n\n\n<figure class=\"wp-block-image size-large\"><img loading=\"lazy\" width=\"722\" height=\"1024\" src=\"https:\/\/bisbalpenedes.com\/web\/wp-content\/uploads\/2026\/01\/VENTADES-2-722x1024.jpg\" alt=\"\" class=\"wp-image-35965\" srcset=\"https:\/\/bisbalpenedes.com\/web\/wp-content\/uploads\/2026\/01\/VENTADES-2-722x1024.jpg 722w, https:\/\/bisbalpenedes.com\/web\/wp-content\/uploads\/2026\/01\/VENTADES-2-212x300.jpg 212w, https:\/\/bisbalpenedes.com\/web\/wp-content\/uploads\/2026\/01\/VENTADES-2-768x1089.jpg 768w, https:\/\/bisbalpenedes.com\/web\/wp-content\/uploads\/2026\/01\/VENTADES-2-600x851.jpg 600w, https:\/\/bisbalpenedes.com\/web\/wp-content\/uploads\/2026\/01\/VENTADES-2.jpg 875w\" sizes=\"(max-width: 722px) 100vw, 722px\" \/><\/figure>\n","protected":false},"excerpt":{"rendered":"<p>El Servei Meteorol\u00f2gic de Catalunya ha publicat un av\u00eds per vent per dem\u00e0 dissabte 31 de gener.Extremeu les precaucions. El Servei Meteorol\u00f2gic de Catalunya ha publicado un aviso por viento &hellip; <a href=\"https:\/\/bisbalpenedes.com\/web\/2026\/01\/30\/avis-per-vent-per-al-dissabte-31-de-gener\/\" class=\"more-link\">Read More<\/a><\/p>\n","protected":false},"author":4,"featured_media":35841,"comment_status":"closed","ping_status":"closed","sticky":false,"template":"","format":"standard","meta":[],"categories":[1628,2543,8],"tags":[],"_links":{"self":[{"href":"https:\/\/bisbalpenedes.com\/web\/wp-json\/wp\/v2\/posts\/36031"}],"collection":[{"href":"https:\/\/bisbalpenedes.com\/web\/wp-json\/wp\/v2\/posts"}],"about":[{"href":"https:\/\/bisbalpenedes.com\/web\/wp-json\/wp\/v2\/types\/post"}],"author":[{"embeddable":true,"href":"https:\/\/bisbalpenedes.com\/web\/wp-json\/wp\/v2\/users\/4"}],"replies":[{"embeddable":true,"href":"https:\/\/bisbalpenedes.com\/web\/wp-json\/wp\/v2\/comments?post=36031"}],"version-history":[{"count":1,"href":"https:\/\/bisbalpenedes.com\/web\/wp-json\/wp\/v2\/posts\/36031\/revisions"}],"predecessor-version":[{"id":36033,"href":"https:\/\/bisbalpenedes.com\/web\/wp-json\/wp\/v2\/posts\/36031\/revisions\/36033"}],"wp:featuredmedia":[{"embeddable":true,"href":"https:\/\/bisbalpenedes.com\/web\/wp-json\/wp\/v2\/media\/35841"}],"wp:attachment":[{"href":"https:\/\/bisbalpenedes.com\/web\/wp-json\/wp\/v2\/media?parent=36031"}],"wp:term":[{"taxonomy":"category","embeddable":true,"href":"https:\/\/bisbalpenedes.com\/web\/wp-json\/wp\/v2\/categories?post=36031"},{"taxonomy":"post_tag","embeddable":true,"href":"https:\/\/bisbalpenedes.com\/web\/wp-json\/wp\/v2\/tags?post=36031"}],"curies":[{"name":"wp","href":"https:\/\/api.w.org\/{rel}","templated":true}]}}