{"id":35985,"date":"2026-01-26T14:34:09","date_gmt":"2026-01-26T12:34:09","guid":{"rendered":"https:\/\/bisbalpenedes.com\/web\/?p=35985"},"modified":"2026-01-26T14:34:10","modified_gmt":"2026-01-26T12:34:10","slug":"lajuntament-de-la-bisbal-del-penedes-obre-la-convocatoria-per-contractar-una-persona-jove-en-practiques","status":"publish","type":"post","link":"https:\/\/bisbalpenedes.com\/web\/2026\/01\/26\/lajuntament-de-la-bisbal-del-penedes-obre-la-convocatoria-per-contractar-una-persona-jove-en-practiques\/","title":{"rendered":"L&#8217;Ajuntament de la Bisbal del Pened\u00e8s obre la convocat\u00f2ria per contractar una persona jove en pr\u00e0ctiques"},"content":{"rendered":"\n<p>L\u2019Ajuntament de la Bisbal del Pened\u00e8s ha obert la convocat\u00f2ria per contractar una persona d&#8217;entre 16 i 29 anys, mitjan\u00e7ant un contracte formatiu per a l&#8217;obtenci\u00f3 de la pr\u00e0ctica professional, amb l&#8217;objectiu de millorar l&#8217;ocupabilitat de les persones joves. El termini m\u00e0xim de presentaci\u00f3 de les sol\u00b7licituds finalitzar\u00e0 el 6 de febrer de 2026 i el perfil professional a contractar \u00e9s el d\u2019administratiu\/va, amb previsi\u00f3 de tasques al servei d\u2019Intervenci\u00f3\/Tresoreria.<\/p>\n\n\n\n<p>La finalitat d&#8217;aquesta contractaci\u00f3 \u00e9s que la persona contractada pugui adquirir aptituds i compet\u00e8ncies a trav\u00e9s de l&#8217;experi\u00e8ncia laboral, amb l&#8217;aspiraci\u00f3 que aquesta viv\u00e8ncia professional li permeti una posterior incorporaci\u00f3 al mercat laboral de manera estable i duradora.<\/p>\n\n\n\n<p>Podran ser benefici\u00e0ries les persones que compleixin els requisits per subscriure aquest tipus de contractes, entre altres:<\/p>\n\n\n\n<ul><li>Tenir entre 16 i 29 anys.<\/li><li>Estar en possessi\u00f3 del t\u00edtol de Batxillerat o de t\u00e8cnic\/a (formaci\u00f3 professional de segon grau o equivalent).<\/li><li>Disposar del nivell sufici\u00e8ncia de llengua catalana (nivell C1).<\/li><li>Estar registrat\/registrada en el Fitxer del Sistema Nacional de Garantia Juvenil amb la condici\u00f3 de beneficiari.<\/li><li>Constar inscrit com a demandant d&#8217;ocupaci\u00f3 no ocupada (DONO) al Servei P\u00fablic d&#8217;Ocupaci\u00f3 de Catalunya.<\/li><li>No haver estat contractat\/contractada mitjan\u00e7ant contracte laboral en pr\u00e0ctiques per un temps superior a 2 anys en virtut de la mateixa titulaci\u00f3 per qualsevol empresa o a l&#8217;Ajuntament de la Bisbal del Pened\u00e8s.<\/li><li>Complir els requisits exigits per a la modalitat del contracte de treball formatiu per a l&#8217;obtenci\u00f3 de la pr\u00e0ctica professional.<\/li><\/ul>\n\n\n\n<p>El contracte tindr\u00e0 una durada de dotze mesos, a jornada completa, i s\u2019iniciar\u00e0 el dia 27 de febrer de 2026. Les persones interessades que compleixin els requisits han de presentar una <a href=\"https:\/\/bisbalpenedes.com\/web\/wp-content\/uploads\/2026\/01\/document-admissio-processos-seleccio.doc\">inst\u00e0ncia d\u2019acord amb el model publicat<\/a> en aquest mateix espai web, acompanyada de la documentaci\u00f3 necess\u00e0ria indicada a les <a href=\"https:\/\/bisbalpenedes.com\/web\/wp-content\/uploads\/2026\/01\/DECRET-2026-0056.pdf\">Bases<\/a>.<\/p>\n\n\n\n<p>L&#8217;Ajuntament de la Bisbal del Pened\u00e8s ha rebut una subvenci\u00f3 per contractar una persona jove en pr\u00e0ctiques en el marc de la Resoluci\u00f3 EMT\/2815\/2025, d&#8217;11 de juliol, per la qual s&#8217;obria la convocat\u00f2ria de subvencions per a l&#8217;any 2025 destinada a la realitzaci\u00f3 de contractes formatius per a l&#8217;obtenci\u00f3 de pr\u00e0ctica professional. El 23 de gener de 2026 es van aprovar, mitjan\u00e7ant Decret d&#8217;alcaldia, les bases que regiran el proc\u00e9s selectiu.<\/p>\n\n\n\n<p>Per a m\u00e9s informaci\u00f3, accediu a l\u2019apartat de Recursos Humans del web municipal:<br><a href=\"https:\/\/bisbalpenedes.com\/web\/portfolio\/recursos-humans\/\">https:\/\/bisbalpenedes.com\/web\/portfolio\/recursos-humans\/<\/a><\/p>\n\n\n\n<p>Per a qualsevol aclariment o consulta, podeu adre\u00e7ar un correu electr\u00f2nic a: <a href=\"mailto:recursoshumans@bisbalpenedes.com\">recursoshumans@bisbalpenedes.com<\/a>.<\/p>\n\n\n\n<hr class=\"wp-block-separator has-alpha-channel-opacity\"\/>\n\n\n\n<p><strong>El Ajuntament de la Bisbal del Pened\u00e8s abre la convocatoria para contratar a una persona joven en pr\u00e1cticas<\/strong><\/p>\n\n\n\n<p>El Ajuntament de la Bisbal del Pened\u00e8s ha abierto la convocatoria para contratar a una persona de entre 16 y 29 a\u00f1os, mediante un contrato formativo para la obtenci\u00f3n de la pr\u00e1ctica profesional, con el objetivo de mejorar la empleabilidad de las personas j\u00f3venes. El plazo m\u00e1ximo de presentaci\u00f3n de solicitudes finalizar\u00e1 el 6 de febrero de 2026 y el perfil profesional a contratar es el de administrativo\/va, con previsi\u00f3n de tareas en el servicio de Intervenci\u00f3n\/Tesorer\u00eda.<\/p>\n\n\n\n<p>La finalidad de esta contrataci\u00f3n es que la persona contratada pueda adquirir aptitudes y competencias a trav\u00e9s de la experiencia laboral, con la aspiraci\u00f3n de que esta vivencia profesional le permita una posterior incorporaci\u00f3n al mercado laboral de forma estable y duradera.<\/p>\n\n\n\n<p>Podr\u00e1n ser beneficiarias las personas que cumplan los requisitos para suscribir este tipo de contratos, entre otros:<\/p>\n\n\n\n<ul><li>Tener entre 16 y 29 a\u00f1os.<\/li><li>Estar en posesi\u00f3n del t\u00edtulo de Bachillerato o de t\u00e9cnico\/a (formaci\u00f3n profesional de segundo grado o equivalente).<\/li><li>Disponer del nivel de suficiencia de lengua catalana (nivel C1).<\/li><li>Estar registrado\/registrada en el Fichero del Sistema Nacional de Garant\u00eda Juvenil con la condici\u00f3n de beneficiario.<\/li><li>Constar inscrito como demandante de empleo no ocupado (DONO) en el Servei P\u00fablic d&#8217;Ocupaci\u00f3 de Catalunya.<\/li><li>No haber sido contratado\/contratada mediante contrato laboral en pr\u00e1cticas por un tiempo superior a 2 a\u00f1os en virtud de la misma titulaci\u00f3n por cualquier empresa o en el Ajuntament de la Bisbal del Pened\u00e8s.<\/li><li>Cumplir los requisitos exigidos para la modalidad del contrato de trabajo formativo para la obtenci\u00f3n de la pr\u00e1ctica profesional.<\/li><\/ul>\n\n\n\n<p>El contrato tendr\u00e1 una duraci\u00f3n de doce meses, a jornada completa, y se iniciar\u00e1 el d\u00eda 27 de febrero de 2026. Las personas interesadas que cumplan los requisitos deben presentar una <a href=\"https:\/\/bisbalpenedes.com\/web\/wp-content\/uploads\/2026\/01\/document-admissio-processos-seleccio.doc\">instancia de acuerdo con el modelo publicado<\/a> en este mismo espacio web, acompa\u00f1ada de la documentaci\u00f3n necesaria indicada en las <a href=\"https:\/\/bisbalpenedes.com\/web\/wp-content\/uploads\/2026\/01\/DECRET-2026-0056.pdf\">Bases.<\/a><\/p>\n\n\n\n<p>El Ajuntament de la Bisbal del Pened\u00e8s ha recibido una subvenci\u00f3n para contratar a una persona joven en pr\u00e1cticas en el marco de la Resoluci\u00f3n EMT\/2815\/2025, de 11 de julio, por la que se abr\u00eda la convocatoria de subvenciones para el a\u00f1o 2025 destinada a la realizaci\u00f3n de contratos formativos para la obtenci\u00f3n de pr\u00e1ctica profesional. El 23 de enero de 2026 se aprobaron, mediante Decreto de Alcald\u00eda, las bases que regir\u00e1n el proceso selectivo.<\/p>\n\n\n\n<p>Para m\u00e1s informaci\u00f3n, pod\u00e9is acceder al apartado de Recursos Humanos de la web municipal:<br><a href=\"https:\/\/bisbalpenedes.com\/web\/portfolio\/recursos-humans\/\">https:\/\/bisbalpenedes.com\/web\/portfolio\/recursos-humans\/<\/a><\/p>\n\n\n\n<p>Para cualquier aclaraci\u00f3n o consulta, pod\u00e9is dirigiros al correo electr\u00f3nico: <a href=\"mailto:recursoshumans@bisbalpenedes.com\">recursoshumans@bisbalpenedes.com<\/a><\/p>\n","protected":false},"excerpt":{"rendered":"<p>L\u2019Ajuntament de la Bisbal del Pened\u00e8s ha obert la convocat\u00f2ria per contractar una persona d&#8217;entre 16 i 29 anys, mitjan\u00e7ant un contracte formatiu per a l&#8217;obtenci\u00f3 de la pr\u00e0ctica professional, &hellip; <a href=\"https:\/\/bisbalpenedes.com\/web\/2026\/01\/26\/lajuntament-de-la-bisbal-del-penedes-obre-la-convocatoria-per-contractar-una-persona-jove-en-practiques\/\" class=\"more-link\">Read More<\/a><\/p>\n","protected":false},"author":4,"featured_media":35986,"comment_status":"closed","ping_status":"closed","sticky":false,"template":"","format":"standard","meta":[],"categories":[2402,8],"tags":[459,7315,383,1067,210,393,2677],"_links":{"self":[{"href":"https:\/\/bisbalpenedes.com\/web\/wp-json\/wp\/v2\/posts\/35985"}],"collection":[{"href":"https:\/\/bisbalpenedes.com\/web\/wp-json\/wp\/v2\/posts"}],"about":[{"href":"https:\/\/bisbalpenedes.com\/web\/wp-json\/wp\/v2\/types\/post"}],"author":[{"embeddable":true,"href":"https:\/\/bisbalpenedes.com\/web\/wp-json\/wp\/v2\/users\/4"}],"replies":[{"embeddable":true,"href":"https:\/\/bisbalpenedes.com\/web\/wp-json\/wp\/v2\/comments?post=35985"}],"version-history":[{"count":1,"href":"https:\/\/bisbalpenedes.com\/web\/wp-json\/wp\/v2\/posts\/35985\/revisions"}],"predecessor-version":[{"id":35987,"href":"https:\/\/bisbalpenedes.com\/web\/wp-json\/wp\/v2\/posts\/35985\/revisions\/35987"}],"wp:featuredmedia":[{"embeddable":true,"href":"https:\/\/bisbalpenedes.com\/web\/wp-json\/wp\/v2\/media\/35986"}],"wp:attachment":[{"href":"https:\/\/bisbalpenedes.com\/web\/wp-json\/wp\/v2\/media?parent=35985"}],"wp:term":[{"taxonomy":"category","embeddable":true,"href":"https:\/\/bisbalpenedes.com\/web\/wp-json\/wp\/v2\/categories?post=35985"},{"taxonomy":"post_tag","embeddable":true,"href":"https:\/\/bisbalpenedes.com\/web\/wp-json\/wp\/v2\/tags?post=35985"}],"curies":[{"name":"wp","href":"https:\/\/api.w.org\/{rel}","templated":true}]}}