{"id":35934,"date":"2026-01-22T12:56:50","date_gmt":"2026-01-22T10:56:50","guid":{"rendered":"https:\/\/bisbalpenedes.com\/web\/?p=35934"},"modified":"2026-01-22T12:57:42","modified_gmt":"2026-01-22T10:57:42","slug":"el-24-de-gener-se-celebra-el-dia-internacional-de-leducacio-enguany-centrat-en-el-poder-de-la-joventut-en-la-cocreacio-de-leducacio-al-vespre-la-facana-silluminara-de-color-blanc","status":"publish","type":"post","link":"https:\/\/bisbalpenedes.com\/web\/2026\/01\/22\/el-24-de-gener-se-celebra-el-dia-internacional-de-leducacio-enguany-centrat-en-el-poder-de-la-joventut-en-la-cocreacio-de-leducacio-al-vespre-la-facana-silluminara-de-color-blanc\/","title":{"rendered":"El 24 de gener se celebra el Dia Internacional de l&#8217;Educaci\u00f3, enguany centrat en &#8220;El poder de la joventut en la cocreaci\u00f3 de l&#8217;educaci\u00f3&#8221; &#8211; Al vespre la fa\u00e7ana s&#8217;il\u00b7luminar\u00e0 de color blanc"},"content":{"rendered":"\n<p>El 24 de gener se celebra el Dia Internacional de l\u2019Educaci\u00f3, una data proclamada per l\u2019Assemblea General de les Nacions Unides per recon\u00e8ixer el paper fonamental de l\u2019educaci\u00f3 en la pau i el desenvolupament.<\/p>\n\n\n\n<p>Amb motiu d\u2019aquesta commemoraci\u00f3, la fa\u00e7ana de la Casa de la Vila s\u2019il\u00b7luminar\u00e0 de color blanc al vespre.<\/p>\n\n\n\n<p>L\u2019educaci\u00f3 \u00e9s un dret hum\u00e0 essencial i una eina clau per garantir la igualtat d\u2019oportunitats, trencar el cicle de la pobresa i construir societats m\u00e9s justes, inclusives i sostenibles. Sense una educaci\u00f3 de qualitat, inclusiva i equitativa per a tothom, no \u00e9s possible avan\u00e7ar en drets, cohesi\u00f3 social ni desenvolupament sostenible.<\/p>\n\n\n\n<p>Enguany, la UNESCO posa el focus en \u00abEl poder de la joventut en la cocreaci\u00f3 de l\u2019educaci\u00f3\u00bb, destacant el paper clau de les persones joves en la transformaci\u00f3 dels sistemes educatius i en la construcci\u00f3 del futur, especialment en un context de canvi social i tecnol\u00f2gic constant.<\/p>\n\n\n\n<p>Per ampliar la informaci\u00f3 podeu accedir a: <a href=\"https:\/\/www.unesco.org\/es\/articles\/dia-internacional-de-la-educacion-2026-celebra-el-poder-de-la-juventud-en-la-co-creacion-de-la\" target=\"_blank\" rel=\"noreferrer noopener\">https:\/\/www.unesco.org\/es\/articles\/dia-internacional-de-la-educacion-2026-celebra-el-poder-de-la-juventud-en-la-co-creacion-de-la<\/a><\/p>\n\n\n\n<hr class=\"wp-block-separator has-alpha-channel-opacity\"\/>\n\n\n\n<p>El 24 de enero se celebra el D\u00eda Internacional de la Educaci\u00f3n, una fecha proclamada por la Asamblea General de las Naciones Unidas para reconocer el papel fundamental de la educaci\u00f3n en la paz y el desarrollo.<\/p>\n\n\n\n<p>Con motivo de esta conmemoraci\u00f3n, la fachada de la Casa de la Vila se iluminar\u00e1 de color blanco al anochecer.<\/p>\n\n\n\n<p>La educaci\u00f3n es un derecho humano esencial y una herramienta clave para garantizar la igualdad de oportunidades, romper el ciclo de la pobreza y construir sociedades m\u00e1s justas, inclusivas y sostenibles. Sin una educaci\u00f3n de calidad, inclusiva y equitativa para todas las personas, no es posible avanzar en derechos, cohesi\u00f3n social ni desarrollo sostenible.<\/p>\n\n\n\n<p>Este a\u00f1o, la UNESCO pone el foco en \u00abEl poder de la juventud en la cocreaci\u00f3n de la educaci\u00f3n\u00bb, destacando el papel clave de las personas j\u00f3venes en la transformaci\u00f3n de los sistemas educativos y en la construcci\u00f3n del futuro, especialmente en un contexto de cambio social y tecnol\u00f3gico constante.<\/p>\n\n\n\n<p>Para ampliar la informaci\u00f3n pod\u00e9is acceder a: <a href=\"https:\/\/www.unesco.org\/es\/articles\/dia-internacional-de-la-educacion-2026-celebra-el-poder-de-la-juventud-en-la-co-creacion-de-la\" target=\"_blank\" rel=\"noreferrer noopener\">https:\/\/www.unesco.org\/es\/articles\/dia-internacional-de-la-educacion-2026-celebra-el-poder-de-la-juventud-en-la-co-creacion-de-la<\/a><\/p>\n","protected":false},"excerpt":{"rendered":"<p>El 24 de gener se celebra el Dia Internacional de l\u2019Educaci\u00f3, una data proclamada per l\u2019Assemblea General de les Nacions Unides per recon\u00e8ixer el paper fonamental de l\u2019educaci\u00f3 en la &hellip; <a href=\"https:\/\/bisbalpenedes.com\/web\/2026\/01\/22\/el-24-de-gener-se-celebra-el-dia-internacional-de-leducacio-enguany-centrat-en-el-poder-de-la-joventut-en-la-cocreacio-de-leducacio-al-vespre-la-facana-silluminara-de-color-blanc\/\" class=\"more-link\">Read More<\/a><\/p>\n","protected":false},"author":4,"featured_media":35935,"comment_status":"closed","ping_status":"closed","sticky":false,"template":"","format":"standard","meta":[],"categories":[2402,8],"tags":[459,7311,393,1374],"_links":{"self":[{"href":"https:\/\/bisbalpenedes.com\/web\/wp-json\/wp\/v2\/posts\/35934"}],"collection":[{"href":"https:\/\/bisbalpenedes.com\/web\/wp-json\/wp\/v2\/posts"}],"about":[{"href":"https:\/\/bisbalpenedes.com\/web\/wp-json\/wp\/v2\/types\/post"}],"author":[{"embeddable":true,"href":"https:\/\/bisbalpenedes.com\/web\/wp-json\/wp\/v2\/users\/4"}],"replies":[{"embeddable":true,"href":"https:\/\/bisbalpenedes.com\/web\/wp-json\/wp\/v2\/comments?post=35934"}],"version-history":[{"count":2,"href":"https:\/\/bisbalpenedes.com\/web\/wp-json\/wp\/v2\/posts\/35934\/revisions"}],"predecessor-version":[{"id":35937,"href":"https:\/\/bisbalpenedes.com\/web\/wp-json\/wp\/v2\/posts\/35934\/revisions\/35937"}],"wp:featuredmedia":[{"embeddable":true,"href":"https:\/\/bisbalpenedes.com\/web\/wp-json\/wp\/v2\/media\/35935"}],"wp:attachment":[{"href":"https:\/\/bisbalpenedes.com\/web\/wp-json\/wp\/v2\/media?parent=35934"}],"wp:term":[{"taxonomy":"category","embeddable":true,"href":"https:\/\/bisbalpenedes.com\/web\/wp-json\/wp\/v2\/categories?post=35934"},{"taxonomy":"post_tag","embeddable":true,"href":"https:\/\/bisbalpenedes.com\/web\/wp-json\/wp\/v2\/tags?post=35934"}],"curies":[{"name":"wp","href":"https:\/\/api.w.org\/{rel}","templated":true}]}}