{"id":3593,"date":"2017-10-06T02:57:41","date_gmt":"2017-10-05T20:57:41","guid":{"rendered":"http:\/\/bisbalpenedes.com\/web\/?p=3593"},"modified":"2017-10-06T03:18:01","modified_gmt":"2017-10-05T21:18:01","slug":"projecte-skla","status":"publish","type":"post","link":"https:\/\/bisbalpenedes.com\/web\/2017\/10\/06\/projecte-skla\/","title":{"rendered":"\ufeffLa Junta de Govern local de l\u2019Ajuntament de La Bisbal aprova un conveni per tirar endavant el projecte Skla de l&#8217;IES Coster de la Torre"},"content":{"rendered":"<p>La Junta de Govern local de l\u2019Ajuntament de La Bisbal va aprovar el passat 8 de setembre un conveni de col\u00b7laboraci\u00f3 amb el Departament d\u2019Ensenyament de la Generalitat de Catalunya pel projecte SKLA de l\u2019IES Coster de la Torre. El projecte Skla forma part dels Programes de Diversificaci\u00f3 Curricular (PDC) de la Generalitat de Catalunya, una mesura d\u2019atenci\u00f3 a la diversitat d\u2019ensenyament dissenyada per aquells alumnes que han presentat dificultats generalitzades d\u2019aprenentatge durant l\u2019ESO. D\u2019aquesta manera es pret\u00e9n que els alumnes puguin assolir els objectius de l\u2019ESO i, alhora, assolir altres objectius com ara promoure un nivell competencial i curricular per continuar amb garanties la formaci\u00f3 posterior.<\/p>\n<p>El projecte Skla ha estat elaborat pels professionals de l\u2019IES Coster de la Torre amb les regidories de Joventut i Educaci\u00f3 i els alumnes de 4rt d\u2019ESO que es considera que compleixen els requisits.<\/p>\n<p>Gr\u00e0cies al conveni que l\u2019Ajuntament mant\u00e9 amb Ensenyament i l\u2019IES Coster de la Torre, els alumnes que formen part del projecte Skla fan pr\u00e0ctiques amb la brigada municipal un dia per setmana. Val a dir que el curs passat la col\u00b7laboraci\u00f3 consistia en una hora i mitja di\u00e0ria per\u00f2, amb l\u2019actual conveni, s\u2019ha volgut garantir l\u2019efectivitat de l\u2019aprenentatge ajuntant totes les hores en un sol dia, una jornada en qu\u00e8 no aniran a l\u2019institut sin\u00f3 que faran formaci\u00f3 a l\u2019Ajuntament. Val a dir que durant tot el proc\u00e9s es compta amb la comunicaci\u00f3 constant entre la t\u00e8cnica de Joventut i Ocupaci\u00f3 i l\u2019institut amb la finalitat d\u2019avaluar de forma constant el funcionament del pla.<\/p>\n<p><strong>\u00a0<\/strong><\/p>\n<p><strong>\u00a0<\/strong><\/p>\n","protected":false},"excerpt":{"rendered":"<p>La Junta de Govern local de l\u2019Ajuntament de La Bisbal va aprovar el passat 8 de setembre un conveni de col\u00b7laboraci\u00f3 amb el Departament d\u2019Ensenyament de la Generalitat de Catalunya &hellip; <a href=\"https:\/\/bisbalpenedes.com\/web\/2017\/10\/06\/projecte-skla\/\" class=\"more-link\">Read More<\/a><\/p>\n","protected":false},"author":4,"featured_media":2174,"comment_status":"closed","ping_status":"closed","sticky":false,"template":"","format":"standard","meta":[],"categories":[4],"tags":[332,274,862,865,210,10,864,863,861,271],"_links":{"self":[{"href":"https:\/\/bisbalpenedes.com\/web\/wp-json\/wp\/v2\/posts\/3593"}],"collection":[{"href":"https:\/\/bisbalpenedes.com\/web\/wp-json\/wp\/v2\/posts"}],"about":[{"href":"https:\/\/bisbalpenedes.com\/web\/wp-json\/wp\/v2\/types\/post"}],"author":[{"embeddable":true,"href":"https:\/\/bisbalpenedes.com\/web\/wp-json\/wp\/v2\/users\/4"}],"replies":[{"embeddable":true,"href":"https:\/\/bisbalpenedes.com\/web\/wp-json\/wp\/v2\/comments?post=3593"}],"version-history":[{"count":2,"href":"https:\/\/bisbalpenedes.com\/web\/wp-json\/wp\/v2\/posts\/3593\/revisions"}],"predecessor-version":[{"id":3597,"href":"https:\/\/bisbalpenedes.com\/web\/wp-json\/wp\/v2\/posts\/3593\/revisions\/3597"}],"wp:featuredmedia":[{"embeddable":true,"href":"https:\/\/bisbalpenedes.com\/web\/wp-json\/wp\/v2\/media\/2174"}],"wp:attachment":[{"href":"https:\/\/bisbalpenedes.com\/web\/wp-json\/wp\/v2\/media?parent=3593"}],"wp:term":[{"taxonomy":"category","embeddable":true,"href":"https:\/\/bisbalpenedes.com\/web\/wp-json\/wp\/v2\/categories?post=3593"},{"taxonomy":"post_tag","embeddable":true,"href":"https:\/\/bisbalpenedes.com\/web\/wp-json\/wp\/v2\/tags?post=3593"}],"curies":[{"name":"wp","href":"https:\/\/api.w.org\/{rel}","templated":true}]}}