{"id":35890,"date":"2026-01-16T19:05:24","date_gmt":"2026-01-16T17:05:24","guid":{"rendered":"https:\/\/bisbalpenedes.com\/web\/?p=35890"},"modified":"2026-01-16T19:05:46","modified_gmt":"2026-01-16T17:05:46","slug":"el-servei-meteorologic-de-catalunya-ha-emes-avisos-per-intensitat-i-acumulacio-de-pluja-per-dissabte-i-diumenge","status":"publish","type":"post","link":"https:\/\/bisbalpenedes.com\/web\/2026\/01\/16\/el-servei-meteorologic-de-catalunya-ha-emes-avisos-per-intensitat-i-acumulacio-de-pluja-per-dissabte-i-diumenge\/","title":{"rendered":"El Servei Meteorol\u00f2gic de Catalunya ha em\u00e8s avisos per intensitat i acumulaci\u00f3 de pluja per dissabte i diumenge"},"content":{"rendered":"\n<p>El Servei Meteorol\u00f2gic de Catalunya ha publicat avisos per intensitat i acumulaci\u00f3 de pluja per dissabte i diumenge.<br>Els x\u00e0fecs podrien anar, localment, acompanyats de tempesta.<br>Podeu ampliar la informaci\u00f3 a <a href=\"https:\/\/www.meteo.cat\">www.meteo.cat<\/a><\/p>\n\n\n\n<hr class=\"wp-block-separator has-alpha-channel-opacity\"\/>\n\n\n\n<p>El Servei Meteorol\u00f2gic de Catalunya ha publicado avisos por intensidad de lluvia para el s\u00e1bado y el domingo.<br>Los chubascos podr\u00edan ir, localmente, acompa\u00f1ados de tormenta.<br>Pod\u00e9is ampliar la informaci\u00f3n en <a href=\"https:\/\/www.meteo.cat\">www.meteo.cat<\/a><\/p>\n\n\n\n<figure class=\"wp-block-image size-large\"><img loading=\"lazy\" width=\"819\" height=\"1024\" src=\"https:\/\/bisbalpenedes.com\/web\/wp-content\/uploads\/2026\/01\/AVIS-INTENSITAT-PLUJA-819x1024.jpg\" alt=\"\" class=\"wp-image-35891\" srcset=\"https:\/\/bisbalpenedes.com\/web\/wp-content\/uploads\/2026\/01\/AVIS-INTENSITAT-PLUJA-819x1024.jpg 819w, https:\/\/bisbalpenedes.com\/web\/wp-content\/uploads\/2026\/01\/AVIS-INTENSITAT-PLUJA-240x300.jpg 240w, https:\/\/bisbalpenedes.com\/web\/wp-content\/uploads\/2026\/01\/AVIS-INTENSITAT-PLUJA-768x960.jpg 768w, https:\/\/bisbalpenedes.com\/web\/wp-content\/uploads\/2026\/01\/AVIS-INTENSITAT-PLUJA-600x750.jpg 600w, https:\/\/bisbalpenedes.com\/web\/wp-content\/uploads\/2026\/01\/AVIS-INTENSITAT-PLUJA.jpg 1080w\" sizes=\"(max-width: 819px) 100vw, 819px\" \/><\/figure>\n\n\n\n<figure class=\"wp-block-image size-large\"><img loading=\"lazy\" width=\"724\" height=\"1024\" src=\"https:\/\/bisbalpenedes.com\/web\/wp-content\/uploads\/2026\/01\/avi\u0301s-pluja-dissabte-17-de-gener-724x1024.jpeg\" alt=\"\" class=\"wp-image-35892\" srcset=\"https:\/\/bisbalpenedes.com\/web\/wp-content\/uploads\/2026\/01\/avi\u0301s-pluja-dissabte-17-de-gener-724x1024.jpeg 724w, https:\/\/bisbalpenedes.com\/web\/wp-content\/uploads\/2026\/01\/avi\u0301s-pluja-dissabte-17-de-gener-212x300.jpeg 212w, https:\/\/bisbalpenedes.com\/web\/wp-content\/uploads\/2026\/01\/avi\u0301s-pluja-dissabte-17-de-gener-768x1086.jpeg 768w, https:\/\/bisbalpenedes.com\/web\/wp-content\/uploads\/2026\/01\/avi\u0301s-pluja-dissabte-17-de-gener-1086x1536.jpeg 1086w, https:\/\/bisbalpenedes.com\/web\/wp-content\/uploads\/2026\/01\/avi\u0301s-pluja-dissabte-17-de-gener-1448x2048.jpeg 1448w, https:\/\/bisbalpenedes.com\/web\/wp-content\/uploads\/2026\/01\/avi\u0301s-pluja-dissabte-17-de-gener-600x849.jpeg 600w, https:\/\/bisbalpenedes.com\/web\/wp-content\/uploads\/2026\/01\/avi\u0301s-pluja-dissabte-17-de-gener-scaled.jpeg 1810w\" sizes=\"(max-width: 724px) 100vw, 724px\" \/><\/figure>\n\n\n\n<figure class=\"wp-block-image size-large\"><img loading=\"lazy\" width=\"724\" height=\"1024\" src=\"https:\/\/bisbalpenedes.com\/web\/wp-content\/uploads\/2026\/01\/avis-pluja-diumenge-18-gener-724x1024.jpeg\" alt=\"\" class=\"wp-image-35893\" srcset=\"https:\/\/bisbalpenedes.com\/web\/wp-content\/uploads\/2026\/01\/avis-pluja-diumenge-18-gener-724x1024.jpeg 724w, https:\/\/bisbalpenedes.com\/web\/wp-content\/uploads\/2026\/01\/avis-pluja-diumenge-18-gener-212x300.jpeg 212w, https:\/\/bisbalpenedes.com\/web\/wp-content\/uploads\/2026\/01\/avis-pluja-diumenge-18-gener-768x1086.jpeg 768w, https:\/\/bisbalpenedes.com\/web\/wp-content\/uploads\/2026\/01\/avis-pluja-diumenge-18-gener-1086x1536.jpeg 1086w, https:\/\/bisbalpenedes.com\/web\/wp-content\/uploads\/2026\/01\/avis-pluja-diumenge-18-gener-1448x2048.jpeg 1448w, https:\/\/bisbalpenedes.com\/web\/wp-content\/uploads\/2026\/01\/avis-pluja-diumenge-18-gener-600x849.jpeg 600w, https:\/\/bisbalpenedes.com\/web\/wp-content\/uploads\/2026\/01\/avis-pluja-diumenge-18-gener-scaled.jpeg 1810w\" sizes=\"(max-width: 724px) 100vw, 724px\" \/><\/figure>\n\n\n\n<figure class=\"wp-block-image size-large\"><img loading=\"lazy\" width=\"838\" height=\"1024\" src=\"https:\/\/bisbalpenedes.com\/web\/wp-content\/uploads\/2025\/11\/AVIS-PLUJA-838x1024.jpeg\" alt=\"\" class=\"wp-image-35144\" srcset=\"https:\/\/bisbalpenedes.com\/web\/wp-content\/uploads\/2025\/11\/AVIS-PLUJA-838x1024.jpeg 838w, https:\/\/bisbalpenedes.com\/web\/wp-content\/uploads\/2025\/11\/AVIS-PLUJA-246x300.jpeg 246w, https:\/\/bisbalpenedes.com\/web\/wp-content\/uploads\/2025\/11\/AVIS-PLUJA-768x938.jpeg 768w, https:\/\/bisbalpenedes.com\/web\/wp-content\/uploads\/2025\/11\/AVIS-PLUJA-1257x1536.jpeg 1257w, https:\/\/bisbalpenedes.com\/web\/wp-content\/uploads\/2025\/11\/AVIS-PLUJA-600x733.jpeg 600w, https:\/\/bisbalpenedes.com\/web\/wp-content\/uploads\/2025\/11\/AVIS-PLUJA.jpeg 1490w\" sizes=\"(max-width: 838px) 100vw, 838px\" \/><\/figure>\n","protected":false},"excerpt":{"rendered":"<p>El Servei Meteorol\u00f2gic de Catalunya ha publicat avisos per intensitat i acumulaci\u00f3 de pluja per dissabte i diumenge.Els x\u00e0fecs podrien anar, localment, acompanyats de tempesta.Podeu ampliar la informaci\u00f3 a www.meteo.cat &hellip; <a href=\"https:\/\/bisbalpenedes.com\/web\/2026\/01\/16\/el-servei-meteorologic-de-catalunya-ha-emes-avisos-per-intensitat-i-acumulacio-de-pluja-per-dissabte-i-diumenge\/\" class=\"more-link\">Read More<\/a><\/p>\n","protected":false},"author":4,"featured_media":31749,"comment_status":"closed","ping_status":"closed","sticky":false,"template":"","format":"standard","meta":[],"categories":[1628,2543,8],"tags":[3995,4613,459,3815,393,2474],"_links":{"self":[{"href":"https:\/\/bisbalpenedes.com\/web\/wp-json\/wp\/v2\/posts\/35890"}],"collection":[{"href":"https:\/\/bisbalpenedes.com\/web\/wp-json\/wp\/v2\/posts"}],"about":[{"href":"https:\/\/bisbalpenedes.com\/web\/wp-json\/wp\/v2\/types\/post"}],"author":[{"embeddable":true,"href":"https:\/\/bisbalpenedes.com\/web\/wp-json\/wp\/v2\/users\/4"}],"replies":[{"embeddable":true,"href":"https:\/\/bisbalpenedes.com\/web\/wp-json\/wp\/v2\/comments?post=35890"}],"version-history":[{"count":2,"href":"https:\/\/bisbalpenedes.com\/web\/wp-json\/wp\/v2\/posts\/35890\/revisions"}],"predecessor-version":[{"id":35895,"href":"https:\/\/bisbalpenedes.com\/web\/wp-json\/wp\/v2\/posts\/35890\/revisions\/35895"}],"wp:featuredmedia":[{"embeddable":true,"href":"https:\/\/bisbalpenedes.com\/web\/wp-json\/wp\/v2\/media\/31749"}],"wp:attachment":[{"href":"https:\/\/bisbalpenedes.com\/web\/wp-json\/wp\/v2\/media?parent=35890"}],"wp:term":[{"taxonomy":"category","embeddable":true,"href":"https:\/\/bisbalpenedes.com\/web\/wp-json\/wp\/v2\/categories?post=35890"},{"taxonomy":"post_tag","embeddable":true,"href":"https:\/\/bisbalpenedes.com\/web\/wp-json\/wp\/v2\/tags?post=35890"}],"curies":[{"name":"wp","href":"https:\/\/api.w.org\/{rel}","templated":true}]}}