{"id":35874,"date":"2026-01-14T10:25:04","date_gmt":"2026-01-14T08:25:04","guid":{"rendered":"https:\/\/bisbalpenedes.com\/web\/?p=35874"},"modified":"2026-01-14T10:25:05","modified_gmt":"2026-01-14T08:25:05","slug":"la-bisbalenca-erica-obiols-sincorpora-a-lajuntament-de-la-bisbal-del-penedes-per-cobrir-la-placa-de-tecnica-del-servei-de-recursos-humans-en-regim-de-personal-interi","status":"publish","type":"post","link":"https:\/\/bisbalpenedes.com\/web\/2026\/01\/14\/la-bisbalenca-erica-obiols-sincorpora-a-lajuntament-de-la-bisbal-del-penedes-per-cobrir-la-placa-de-tecnica-del-servei-de-recursos-humans-en-regim-de-personal-interi\/","title":{"rendered":"<strong>La bisbalenca Erica Obiols s&#8217;incorpora a l&#8217;Ajuntament de la Bisbal del Pened\u00e8s per cobrir la pla\u00e7a de t\u00e8cnica del servei de recursos humans en r\u00e8gim de personal inter\u00ed<\/strong>"},"content":{"rendered":"\n<p>L\u2019Ajuntament de La Bisbal del Pened\u00e8s ha incorporat aquest dilluns 12 de gener la bisbalenca Erica Obiols, que ha pres possessi\u00f3 de la pla\u00e7a de t\u00e8cnica del servei de recursos humans en r\u00e8gim de personal inter\u00ed, d\u2019acord amb el Decret d\u2019Alcaldia de data 8 de gener. Obiols ha estat la candidata que ha obtingut la puntuaci\u00f3 m\u00e9s alta entre les persones que van cursar sol\u00b7licitud per formar part de la borsa de treball de t\u00e8cnica del servei de recursos humans, un procediment selectiu que es va iniciar l\u2019abril del 2025.<\/p>\n\n\n\n<p>Erica Obiols desenvolupar\u00e0 diverses funcions vinculades a la gesti\u00f3 dels recursos humans municipals. Entre altres tasques, s\u2019encarregar\u00e0 d\u2019informar, orientar i assessorar els serveis i \u00f2rgans municipals en mat\u00e8ria de recursos humans, vetllar pel manteniment i l\u2019actualitzaci\u00f3 de la Relaci\u00f3 de Llocs de Treball (RLT) i elaborar la proposta d\u2019annex de personal i de plantilla amb motiu de l\u2019aprovaci\u00f3 del pressupost municipal anual.<\/p>\n\n\n\n<p>Tamb\u00e9 tindr\u00e0 entre les seves responsabilitats l\u2019elaboraci\u00f3 i tramitaci\u00f3 de l\u2019Oferta P\u00fablica d\u2019Ocupaci\u00f3 anual, la redacci\u00f3 de les bases reguladores de les convocat\u00f2ries de personal i la gesti\u00f3 de les borses de treball vigents. Aix\u00ed mateix, supervisar\u00e0 l\u2019elaboraci\u00f3 i verificar\u00e0 les n\u00f2mines mensuals i extraordin\u00e0ries del personal municipal, tramitar\u00e0 els expedients corresponents i gestionar\u00e0 les assegurances socials.<\/p>\n\n\n\n<p>Finalment, coordinar\u00e0 i gestionar\u00e0 les vacances, els permisos i les diferents incid\u00e8ncies del personal municipal, contribuint aix\u00ed al bon funcionament intern de l\u2019Ajuntament de La Bisbal del Pened\u00e8s.<\/p>\n\n\n\n<hr class=\"wp-block-separator has-alpha-channel-opacity\"\/>\n\n\n\n<p><strong>La bisbalenca Erica Obiols se incorpora al Ajuntament de la Bisbal del Pened\u00e8s para cubrir la plaza de t\u00e9cnica del servicio de recursos humanos en r\u00e9gimen de personal interino<\/strong><\/p>\n\n\n\n<p>El Ajuntament de la Bisbal del Pened\u00e8s ha incorporado este lunes 12 de enero a la bisbalenca Erica Obiols, que ha tomado posesi\u00f3n de la plaza de t\u00e9cnica del servicio de recursos humanos en r\u00e9gimen de personal interino, de acuerdo con el Decreto de Alcald\u00eda de fecha 8 de enero. Obiols ha sido la candidata que ha obtenido la puntuaci\u00f3n m\u00e1s alta entre las personas que presentaron solicitud para formar parte de la bolsa de trabajo de t\u00e9cnica del servicio de recursos humanos, un procedimiento selectivo que se inici\u00f3 en abril de 2025.<\/p>\n\n\n\n<p>Erica Obiols desarrollar\u00e1 diversas funciones vinculadas a la gesti\u00f3n de los recursos humanos municipales. Entre otras tareas, se encargar\u00e1 de informar, orientar y asesorar a los servicios y \u00f3rganos municipales en materia de recursos humanos, velar por el mantenimiento y la actualizaci\u00f3n de la Relaci\u00f3n de Puestos de Trabajo (RPT) y elaborar la propuesta de anexo de personal y de plantilla con motivo de la aprobaci\u00f3n del presupuesto municipal anual.<\/p>\n\n\n\n<p>Tambi\u00e9n tendr\u00e1 entre sus responsabilidades la elaboraci\u00f3n y tramitaci\u00f3n de la Oferta P\u00fablica de Empleo anual, la redacci\u00f3n de las bases reguladoras de las convocatorias de personal y la gesti\u00f3n de las bolsas de trabajo vigentes. Asimismo, supervisar\u00e1 la elaboraci\u00f3n y verificar\u00e1 las n\u00f3minas mensuales y extraordinarias del personal municipal, tramitar\u00e1 los expedientes correspondientes y gestionar\u00e1 las cotizaciones a la Seguridad Social.<\/p>\n\n\n\n<p>Finalmente, coordinar\u00e1 y gestionar\u00e1 las vacaciones, los permisos y las diferentes incidencias del personal municipal, contribuyendo as\u00ed al buen funcionamiento interno del Ajuntament de la Bisbal del Pened\u00e8s.<\/p>\n","protected":false},"excerpt":{"rendered":"<p>L\u2019Ajuntament de La Bisbal del Pened\u00e8s ha incorporat aquest dilluns 12 de gener la bisbalenca Erica Obiols, que ha pres possessi\u00f3 de la pla\u00e7a de t\u00e8cnica del servei de recursos &hellip; <a href=\"https:\/\/bisbalpenedes.com\/web\/2026\/01\/14\/la-bisbalenca-erica-obiols-sincorpora-a-lajuntament-de-la-bisbal-del-penedes-per-cobrir-la-placa-de-tecnica-del-servei-de-recursos-humans-en-regim-de-personal-interi\/\" class=\"more-link\">Read More<\/a><\/p>\n","protected":false},"author":4,"featured_media":35875,"comment_status":"closed","ping_status":"closed","sticky":false,"template":"","format":"standard","meta":[],"categories":[2057,8],"tags":[459,393,2677,7305,7306],"_links":{"self":[{"href":"https:\/\/bisbalpenedes.com\/web\/wp-json\/wp\/v2\/posts\/35874"}],"collection":[{"href":"https:\/\/bisbalpenedes.com\/web\/wp-json\/wp\/v2\/posts"}],"about":[{"href":"https:\/\/bisbalpenedes.com\/web\/wp-json\/wp\/v2\/types\/post"}],"author":[{"embeddable":true,"href":"https:\/\/bisbalpenedes.com\/web\/wp-json\/wp\/v2\/users\/4"}],"replies":[{"embeddable":true,"href":"https:\/\/bisbalpenedes.com\/web\/wp-json\/wp\/v2\/comments?post=35874"}],"version-history":[{"count":1,"href":"https:\/\/bisbalpenedes.com\/web\/wp-json\/wp\/v2\/posts\/35874\/revisions"}],"predecessor-version":[{"id":35876,"href":"https:\/\/bisbalpenedes.com\/web\/wp-json\/wp\/v2\/posts\/35874\/revisions\/35876"}],"wp:featuredmedia":[{"embeddable":true,"href":"https:\/\/bisbalpenedes.com\/web\/wp-json\/wp\/v2\/media\/35875"}],"wp:attachment":[{"href":"https:\/\/bisbalpenedes.com\/web\/wp-json\/wp\/v2\/media?parent=35874"}],"wp:term":[{"taxonomy":"category","embeddable":true,"href":"https:\/\/bisbalpenedes.com\/web\/wp-json\/wp\/v2\/categories?post=35874"},{"taxonomy":"post_tag","embeddable":true,"href":"https:\/\/bisbalpenedes.com\/web\/wp-json\/wp\/v2\/tags?post=35874"}],"curies":[{"name":"wp","href":"https:\/\/api.w.org\/{rel}","templated":true}]}}