{"id":35868,"date":"2026-01-13T14:41:42","date_gmt":"2026-01-13T12:41:42","guid":{"rendered":"https:\/\/bisbalpenedes.com\/web\/?p=35868"},"modified":"2026-01-13T14:41:43","modified_gmt":"2026-01-13T12:41:43","slug":"fins-al-29-de-gener-podeu-visitar-lexposicio-constellacio-josep-m-llompart-a-lentrada-de-la-biblioteca","status":"publish","type":"post","link":"https:\/\/bisbalpenedes.com\/web\/2026\/01\/13\/fins-al-29-de-gener-podeu-visitar-lexposicio-constellacio-josep-m-llompart-a-lentrada-de-la-biblioteca\/","title":{"rendered":"Fins al 29 de gener podeu visitar l&#8217;exposici\u00f3 &#8220;Constel\u00b7laci\u00f3 Josep M. Llompart&#8221; a l&#8217;entrada de la Biblioteca"},"content":{"rendered":"\n<p>Aquesta exposici\u00f3 itinerant de petit format est\u00e0 dedicada a Josep Maria Llompart i s\u2019ha creat per commemorar el centenari del seu naixement. \u00c9s una invitaci\u00f3 a passejar per la vida i l\u2019obra d\u2019un dels grans pilars humans i culturals dels Pa\u00efsos Catalans, una figura que va consagrar la seva exist\u00e8ncia a la literatura, a la llengua i al comprom\u00eds civil.<\/p>\n\n\n\n<p>L\u2019exposici\u00f3 repassa els seus treballs i els llegats m\u00e9s brillants, i ens permet descobrir els secrets m\u00e9s lluminosos d\u2019aquesta aut\u00e8ntica constel\u00b7laci\u00f3 humana que va ser Llompart.<\/p>\n\n\n\n<p>La podeu visitar fins al divendres 29 de gener a l\u2019entrada de la biblioteca.<\/p>\n\n\n\n<hr class=\"wp-block-separator has-alpha-channel-opacity\"\/>\n\n\n\n<p>Esta exposici\u00f3n itinerante de peque\u00f1o formato est\u00e1 dedicada a Josep Maria Llompart y se ha creado para conmemorar el centenario de su nacimiento. Es una invitaci\u00f3n a pasear por la vida y la obra de uno de los grandes pilares humanos y culturales de los Pa\u00edses Catalanes, una figura que consagr\u00f3 su existencia a la literatura, a la lengua y al compromiso c\u00edvico.<\/p>\n\n\n\n<p>La exposici\u00f3n repasa sus trabajos y sus legados m\u00e1s brillantes, y nos permite descubrir los secretos m\u00e1s luminosos de esta aut\u00e9ntica constelaci\u00f3n humana que fue Llompart.<\/p>\n\n\n\n<p>La pod\u00e9is visitar hasta el viernes 29 de enero en la entrada de la biblioteca.<\/p>\n","protected":false},"excerpt":{"rendered":"<p>Aquesta exposici\u00f3 itinerant de petit format est\u00e0 dedicada a Josep Maria Llompart i s\u2019ha creat per commemorar el centenari del seu naixement. \u00c9s una invitaci\u00f3 a passejar per la vida &hellip; <a href=\"https:\/\/bisbalpenedes.com\/web\/2026\/01\/13\/fins-al-29-de-gener-podeu-visitar-lexposicio-constellacio-josep-m-llompart-a-lentrada-de-la-biblioteca\/\" class=\"more-link\">Read More<\/a><\/p>\n","protected":false},"author":4,"featured_media":35869,"comment_status":"closed","ping_status":"closed","sticky":false,"template":"","format":"standard","meta":[],"categories":[2478,13,8],"tags":[459,7304,393],"_links":{"self":[{"href":"https:\/\/bisbalpenedes.com\/web\/wp-json\/wp\/v2\/posts\/35868"}],"collection":[{"href":"https:\/\/bisbalpenedes.com\/web\/wp-json\/wp\/v2\/posts"}],"about":[{"href":"https:\/\/bisbalpenedes.com\/web\/wp-json\/wp\/v2\/types\/post"}],"author":[{"embeddable":true,"href":"https:\/\/bisbalpenedes.com\/web\/wp-json\/wp\/v2\/users\/4"}],"replies":[{"embeddable":true,"href":"https:\/\/bisbalpenedes.com\/web\/wp-json\/wp\/v2\/comments?post=35868"}],"version-history":[{"count":1,"href":"https:\/\/bisbalpenedes.com\/web\/wp-json\/wp\/v2\/posts\/35868\/revisions"}],"predecessor-version":[{"id":35870,"href":"https:\/\/bisbalpenedes.com\/web\/wp-json\/wp\/v2\/posts\/35868\/revisions\/35870"}],"wp:featuredmedia":[{"embeddable":true,"href":"https:\/\/bisbalpenedes.com\/web\/wp-json\/wp\/v2\/media\/35869"}],"wp:attachment":[{"href":"https:\/\/bisbalpenedes.com\/web\/wp-json\/wp\/v2\/media?parent=35868"}],"wp:term":[{"taxonomy":"category","embeddable":true,"href":"https:\/\/bisbalpenedes.com\/web\/wp-json\/wp\/v2\/categories?post=35868"},{"taxonomy":"post_tag","embeddable":true,"href":"https:\/\/bisbalpenedes.com\/web\/wp-json\/wp\/v2\/tags?post=35868"}],"curies":[{"name":"wp","href":"https:\/\/api.w.org\/{rel}","templated":true}]}}