{"id":3586,"date":"2017-10-06T02:52:21","date_gmt":"2017-10-05T20:52:21","guid":{"rendered":"http:\/\/bisbalpenedes.com\/web\/?p=3586"},"modified":"2017-10-06T02:52:21","modified_gmt":"2017-10-05T20:52:21","slug":"un-alumne-de-la-ub-fara-practiques-a-larea-de-medi-ambient-de-lajuntament-de-la-bisbal","status":"publish","type":"post","link":"https:\/\/bisbalpenedes.com\/web\/2017\/10\/06\/un-alumne-de-la-ub-fara-practiques-a-larea-de-medi-ambient-de-lajuntament-de-la-bisbal\/","title":{"rendered":"Un alumne de la UB far\u00e0 pr\u00e0ctiques a l&#8217;\u00e0rea de Medi Ambient de l&#8217;Ajuntament de La Bisbal"},"content":{"rendered":"<p>La Junta de Govern local de l\u2019Ajuntament de La Bisbal ha aprovat un conveni amb la Facultat de Geografia i Hist\u00f2ria de la Universitat de Barcelona per a la realitzaci\u00f3 de pr\u00e0ctiques acad\u00e8miques externes<\/p>\n<p>Es d\u00f3na el cas que un bisbalenc, estudiant de geografia a la Facultat de Geografia i Hist\u00f2ria de la UB ha sol\u00b7licitat fer les pr\u00e0ctiques a l\u2019\u00e0rea de Medi Ambient de l\u2019Ajuntament de La Bisbal. En total s\u2019ha aprovat un conveni perqu\u00e8 l\u2019alumne pugui fer 210 hores de pr\u00e0ctiques externes entre el mes d\u2019octubre de 2017 i el mes de gener de 2018.<\/p>\n","protected":false},"excerpt":{"rendered":"<p>La Junta de Govern local de l\u2019Ajuntament de La Bisbal ha aprovat un conveni amb la Facultat de Geografia i Hist\u00f2ria de la Universitat de Barcelona per a la realitzaci\u00f3 &hellip; <a href=\"https:\/\/bisbalpenedes.com\/web\/2017\/10\/06\/un-alumne-de-la-ub-fara-practiques-a-larea-de-medi-ambient-de-lajuntament-de-la-bisbal\/\" class=\"more-link\">Read More<\/a><\/p>\n","protected":false},"author":4,"featured_media":3587,"comment_status":"closed","ping_status":"closed","sticky":false,"template":"","format":"standard","meta":[],"categories":[32],"tags":[849,850,851,852,220,848],"_links":{"self":[{"href":"https:\/\/bisbalpenedes.com\/web\/wp-json\/wp\/v2\/posts\/3586"}],"collection":[{"href":"https:\/\/bisbalpenedes.com\/web\/wp-json\/wp\/v2\/posts"}],"about":[{"href":"https:\/\/bisbalpenedes.com\/web\/wp-json\/wp\/v2\/types\/post"}],"author":[{"embeddable":true,"href":"https:\/\/bisbalpenedes.com\/web\/wp-json\/wp\/v2\/users\/4"}],"replies":[{"embeddable":true,"href":"https:\/\/bisbalpenedes.com\/web\/wp-json\/wp\/v2\/comments?post=3586"}],"version-history":[{"count":1,"href":"https:\/\/bisbalpenedes.com\/web\/wp-json\/wp\/v2\/posts\/3586\/revisions"}],"predecessor-version":[{"id":3588,"href":"https:\/\/bisbalpenedes.com\/web\/wp-json\/wp\/v2\/posts\/3586\/revisions\/3588"}],"wp:featuredmedia":[{"embeddable":true,"href":"https:\/\/bisbalpenedes.com\/web\/wp-json\/wp\/v2\/media\/3587"}],"wp:attachment":[{"href":"https:\/\/bisbalpenedes.com\/web\/wp-json\/wp\/v2\/media?parent=3586"}],"wp:term":[{"taxonomy":"category","embeddable":true,"href":"https:\/\/bisbalpenedes.com\/web\/wp-json\/wp\/v2\/categories?post=3586"},{"taxonomy":"post_tag","embeddable":true,"href":"https:\/\/bisbalpenedes.com\/web\/wp-json\/wp\/v2\/tags?post=3586"}],"curies":[{"name":"wp","href":"https:\/\/api.w.org\/{rel}","templated":true}]}}