{"id":35837,"date":"2026-01-09T14:35:19","date_gmt":"2026-01-09T12:35:19","guid":{"rendered":"https:\/\/bisbalpenedes.com\/web\/?p=35837"},"modified":"2026-01-09T14:35:20","modified_gmt":"2026-01-09T12:35:20","slug":"el-25-de-gener-es-projectara-zog-i-els-doctors-voladors-a-la-societat-en-el-marc-del-cicle-cinexic","status":"publish","type":"post","link":"https:\/\/bisbalpenedes.com\/web\/2026\/01\/09\/el-25-de-gener-es-projectara-zog-i-els-doctors-voladors-a-la-societat-en-el-marc-del-cicle-cinexic\/","title":{"rendered":"El 25 de gener es projectar\u00e0 &#8216;Zog i els doctors voladors&#8217; a la Societat en el marc del cicle CineXic"},"content":{"rendered":"\n<p>&#8216;Zog i els doctors voladors&#8217; \u00e9s una proposta de cinema familiar recomanada per a infants a partir de 3 anys, amb una durada de 56 minuts.<\/p>\n\n\n\n<p>La pel\u00b7l\u00edcula explica la hist\u00f2ria de la princesa Perla Llessam\u00ed, el cavaller Jordi Rodalmon i el drac Zog, que formen un equip molt especial decidit a curar i ajudar tota mena de criatures. Al llarg de la hist\u00f2ria, els doctors voladors afronten diferents reptes, des de curar sirenes i lleons fins a intentar guanyar-se la confian\u00e7a del rei, oncle de la Perla, que no acaba d\u2019acceptar la seva decisi\u00f3 de dedicar-se a la medicina.<\/p>\n\n\n\n<p>Amb un to tendre i ple d\u2019humor, el film convida a reflexionar sobre la import\u00e0ncia de seguir la pr\u00f2pia vocaci\u00f3, trencar estereotips i tenir cura dels altres. La hist\u00f2ria principal es completa amb quatre curtmetratges que reforcen valors com la llibertat d\u2019elecci\u00f3 i l\u2019estima per all\u00f2 que ens envolta.<\/p>\n\n\n\n<p>&#8216;Zog i els doctors voladors&#8217; \u00e9s una producci\u00f3 dels mateixos creadors de &#8216;La revolta dels contes&#8217; i &#8216;El cargol i la balena&#8217;, basada en el conte de Julia Donaldson amb il\u00b7lustracions d\u2019Axel Scheffler, autors d\u2019obres tan conegudes com &#8216;El Gr\u00fafal&#8217;.<\/p>\n\n\n\n<figure class=\"wp-block-embed is-type-video is-provider-youtube wp-block-embed-youtube wp-embed-aspect-16-9 wp-has-aspect-ratio\"><div class=\"wp-block-embed__wrapper\">\n<iframe loading=\"lazy\" title=\"Zog i els doctors voladors. Cinema en catal\u00e0\" width=\"1170\" height=\"658\" src=\"https:\/\/www.youtube.com\/embed\/a0KnoKYUmoc?feature=oembed\" frameborder=\"0\" allow=\"accelerometer; autoplay; clipboard-write; encrypted-media; gyroscope; picture-in-picture; web-share\" referrerpolicy=\"strict-origin-when-cross-origin\" allowfullscreen><\/iframe>\n<\/div><\/figure>\n\n\n\n<hr class=\"wp-block-separator has-alpha-channel-opacity\"\/>\n\n\n\n<p>&#8216;Zog i els doctors voladors&#8217; es una propuesta de cine familiar recomendada para ni\u00f1os y ni\u00f1as a partir de 3 a\u00f1os, con una duraci\u00f3n de 56 minutos.<\/p>\n\n\n\n<p>La pel\u00edcula narra la historia de la princesa Perla Llessam\u00ed, el caballero Jordi Rodalmon y el drag\u00f3n Zog, que forman un equipo muy especial decidido a curar y ayudar a todo tipo de criaturas. A lo largo del film, los doctores voladores se enfrentan a distintos retos, desde atender a sirenas y leones hasta intentar ganarse la confianza del rey, t\u00edo de Perla, que no termina de aceptar la decisi\u00f3n de su sobrina de dedicarse a la medicina.<\/p>\n\n\n\n<p>Con un tono tierno y lleno de humor, la pel\u00edcula invita a reflexionar sobre la importancia de seguir la propia vocaci\u00f3n, romper estereotipos y cuidar de los dem\u00e1s. La historia principal se completa con cuatro cortometrajes que refuerzan valores como la libertad de elecci\u00f3n y el cari\u00f1o por aquello que nos rodea.<\/p>\n\n\n\n<p>&#8216;Zog i els doctors voladors&#8217; es una producci\u00f3n de los mismos creadores de &#8216;La revolta dels contes&#8217; y &#8216;El cargol i la balena&#8217;, basada en el cuento de Julia Donaldson con ilustraciones de Axel Scheffler, autores de obras tan conocidas como &#8216;El Gr\u00fafal&#8217;.<\/p>\n\n\n\n<p><\/p>\n","protected":false},"excerpt":{"rendered":"<p>&#8216;Zog i els doctors voladors&#8217; \u00e9s una proposta de cinema familiar recomanada per a infants a partir de 3 anys, amb una durada de 56 minuts. La pel\u00b7l\u00edcula explica la &hellip; <a href=\"https:\/\/bisbalpenedes.com\/web\/2026\/01\/09\/el-25-de-gener-es-projectara-zog-i-els-doctors-voladors-a-la-societat-en-el-marc-del-cicle-cinexic\/\" class=\"more-link\">Read More<\/a><\/p>\n","protected":false},"author":4,"featured_media":35827,"comment_status":"closed","ping_status":"closed","sticky":false,"template":"","format":"standard","meta":[],"categories":[13,8],"tags":[459,307,225,393],"_links":{"self":[{"href":"https:\/\/bisbalpenedes.com\/web\/wp-json\/wp\/v2\/posts\/35837"}],"collection":[{"href":"https:\/\/bisbalpenedes.com\/web\/wp-json\/wp\/v2\/posts"}],"about":[{"href":"https:\/\/bisbalpenedes.com\/web\/wp-json\/wp\/v2\/types\/post"}],"author":[{"embeddable":true,"href":"https:\/\/bisbalpenedes.com\/web\/wp-json\/wp\/v2\/users\/4"}],"replies":[{"embeddable":true,"href":"https:\/\/bisbalpenedes.com\/web\/wp-json\/wp\/v2\/comments?post=35837"}],"version-history":[{"count":1,"href":"https:\/\/bisbalpenedes.com\/web\/wp-json\/wp\/v2\/posts\/35837\/revisions"}],"predecessor-version":[{"id":35838,"href":"https:\/\/bisbalpenedes.com\/web\/wp-json\/wp\/v2\/posts\/35837\/revisions\/35838"}],"wp:featuredmedia":[{"embeddable":true,"href":"https:\/\/bisbalpenedes.com\/web\/wp-json\/wp\/v2\/media\/35827"}],"wp:attachment":[{"href":"https:\/\/bisbalpenedes.com\/web\/wp-json\/wp\/v2\/media?parent=35837"}],"wp:term":[{"taxonomy":"category","embeddable":true,"href":"https:\/\/bisbalpenedes.com\/web\/wp-json\/wp\/v2\/categories?post=35837"},{"taxonomy":"post_tag","embeddable":true,"href":"https:\/\/bisbalpenedes.com\/web\/wp-json\/wp\/v2\/tags?post=35837"}],"curies":[{"name":"wp","href":"https:\/\/api.w.org\/{rel}","templated":true}]}}