{"id":35832,"date":"2026-01-09T13:57:38","date_gmt":"2026-01-09T11:57:38","guid":{"rendered":"https:\/\/bisbalpenedes.com\/web\/?p=35832"},"modified":"2026-01-22T15:09:58","modified_gmt":"2026-01-22T13:09:58","slug":"la-primera-pellicula-de-lany-del-cicle-gaudi-es-una-quinta-portuguesa-i-la-podreu-veure-el-dia-25-de-gener-al-cmc","status":"publish","type":"post","link":"https:\/\/bisbalpenedes.com\/web\/2026\/01\/09\/la-primera-pellicula-de-lany-del-cicle-gaudi-es-una-quinta-portuguesa-i-la-podreu-veure-el-dia-25-de-gener-al-cmc\/","title":{"rendered":"La primera pel\u00b7l\u00edcula de l&#8217;any del Cicle Gaud\u00ed \u00e9s &#8220;Una Quinta Portuguesa&#8221; i la podreu veure el diumenge 25 de gener al CMC"},"content":{"rendered":"\n<p>El diumenge 25 de gener, a les 18h, podreu veure la pel\u00b7l\u00edcula &#8220;Una Quinta Portuguesa&#8221; a l&#8217;auditori del CMC, en el marc del Cicle Gaud\u00ed de cinema catal\u00e0. La gesti\u00f3 de la taquilla anir\u00e0 a c\u00e0rrec de l&#8217;Associaci\u00f3 de dones la Roca Foradada.<\/p>\n\n\n\n<p><strong>FITXA T\u00c8CNICA<\/strong><\/p>\n\n\n\n<ul><li>Direcci\u00f3: Avelina Prat<\/li><li>Productora: Jaibo Films, Distinto Films, Almendros Blancos, E Som E A F\u00faria PRODU\u00c7OES AUDIOVISUALS (Portugal)<\/li><li>Estrena: 5 de maig de 2025<\/li><li>Durada: 115 min.<\/li><li>Gui\u00f3: Avelina Prat<\/li><li>G\u00e8nere: Drama<\/li><li>Qualificaci\u00f3: Apte per a tots els p\u00fablics<\/li><li>Versi\u00f3: Original en castell\u00e0<\/li><li>Int\u00e8rprets: Branka Katic, Luisa Cruz, Manolo Solo, Mar\u00eda de Medeiros, Rita Caba\u00e7o, Rui Morrison<\/li><\/ul>\n\n\n\n<p><strong>SINOPSI<\/strong><\/p>\n\n\n\n<p>Despr\u00e9s del seu debut directorial amb&nbsp;<em>Vasil<\/em>,&nbsp;Avelina Prat&nbsp;torna amb<em>&nbsp;Una Quinta Portuguesa<\/em>, una pel\u00b7l\u00edcula&nbsp; que explora les relacions humanes a trav\u00e9s de la p\u00e8rdua, la trobada amb un mateix i l\u2019acceptaci\u00f3 d\u2019all\u00f2 inesperat.<\/p>\n\n\n\n<p>Fernando \u00e9s un meticul\u00f3s mestre de geografia que, despr\u00e9s del sobtat abandonament de la seva dona, veu la seva realitat feta miques. Deixant enrere qualsevol vincle amb la seva vida anterior,&nbsp; empr\u00e8n en soledat un nou cam\u00ed que el porta a Portugal on, per atzars del dest\u00ed, suplanta la identitat d\u2019un jardiner en una finca. All\u00ed,&nbsp; formar\u00e0 nous vincles&nbsp; que canviaran completament&nbsp; la seva visi\u00f3 sobre l\u2019amistat, les relacions humanes, la felicitat,&nbsp; la seva vida i les seves prioritats.<\/p>\n\n\n\n<p>Amb un ritme pausat i ser\u00e8,&nbsp;<em>Una Quinta Portuguesa<\/em>&nbsp;s\u2019endinsa amb tendresa i delicadesa a la cerca de la identitat a trav\u00e9s de les segones oportunitats.&nbsp; Amb les espl\u00e8ndides actuacions&nbsp; de&nbsp;Manolo Solo&nbsp;i&nbsp;Mar\u00eda de Medeiros,&nbsp;Avelina (qui tamb\u00e9 firma el gui\u00f3 de la pel\u00b7l\u00edcula) obre la mirada a l\u2019optimisme i a la incertesa com a possibilitat, i en la deconstrucci\u00f3 personal i social d\u2019un individu que tenia la vida resolta, ens recorda que tot el que sembla que acabi, en realitat possibilita un nou comen\u00e7ament.<\/p>\n\n\n\n<p>Aclamada per la cr\u00edtica i superant els 105.000 espectadors, la pel\u00b7l\u00edcula ha estat una de les revelacions de l\u2019any 2025.&nbsp; El t\u00edtol \u00e9s candidat a la Millor pel\u00b7l\u00edcula en llengua no catalana als Premis Gaud\u00ed.<br><\/p>\n\n\n\n<figure class=\"wp-block-embed is-type-video is-provider-youtube wp-block-embed-youtube wp-embed-aspect-16-9 wp-has-aspect-ratio\"><div class=\"wp-block-embed__wrapper\">\n<iframe loading=\"lazy\" title=\"Cicle Gaud\u00ed: &quot;Una quinta portuguesa&quot;\" width=\"1170\" height=\"658\" src=\"https:\/\/www.youtube.com\/embed\/O3eqZkcEATk?feature=oembed\" frameborder=\"0\" allow=\"accelerometer; autoplay; clipboard-write; encrypted-media; gyroscope; picture-in-picture; web-share\" referrerpolicy=\"strict-origin-when-cross-origin\" allowfullscreen><\/iframe>\n<\/div><\/figure>\n\n\n\n<p>Com \u00e9s habitual, el preu de l\u2019entrada ser\u00e0 de 4,5\u20ac (general) i 3\u20ac per als espectadors que presentin el carnet de la Biblioteca p\u00fablica de la Bisbal del Pened\u00e8s. Els beneficis es destinaran a l\u2019entitat que gestioni la taquilla abans de la projecci\u00f3.<\/p>\n\n\n\n<hr class=\"wp-block-separator has-alpha-channel-opacity\"\/>\n\n\n\n<p><strong>La primera pel\u00edcula del a\u00f1o del Cicle Gaud\u00ed es <em>\u201cUna Quinta Portuguesa\u201d<\/em> y podr\u00e1 verse el d\u00eda 25 de enero en el CMC<\/strong><\/p>\n\n\n\n<p>El domingo 25 de enero, a las 18 h, se podr\u00e1 ver la pel\u00edcula <em>\u201cUna Quinta Portuguesa\u201d<\/em> en el auditorio del CMC, en el marco del Cicle Gaud\u00ed de cine catal\u00e1n. La gesti\u00f3n de la taquilla ir\u00e1 a cargo de la Associaci\u00f3 de dones la Roca Foradada.<\/p>\n\n\n\n<p><strong>FICHA T\u00c9CNICA<\/strong><\/p>\n\n\n\n<ul><li>Direcci\u00f3n: Avelina Prat<\/li><li>Productora: Jaibo Films, Distinto Films, Almendros Blancos, E Som E A F\u00faria Produ\u00e7\u00f5es Audiovisuais (Portugal)<\/li><li>Estreno: 5 de mayo de 2025<\/li><li>Duraci\u00f3n: 115 min<\/li><li>Guion: Avelina Prat<\/li><li>G\u00e9nero: Drama<\/li><li>Calificaci\u00f3n: Apta para todos los p\u00fablicos<\/li><li>Versi\u00f3n: Original en castellano<\/li><li>Int\u00e9rpretes: Branka Katic, Luisa Cruz, Manolo Solo, Mar\u00eda de Medeiros, Rita Caba\u00e7o, Rui Morrison<\/li><\/ul>\n\n\n\n<p><strong>SINOPSIS<\/strong><br>Tras su debut en la direcci\u00f3n con <em>Vasil<\/em>, Avelina Prat regresa con <em>Una Quinta Portuguesa<\/em>, una pel\u00edcula que explora las relaciones humanas a trav\u00e9s de la p\u00e9rdida, el reencuentro con uno mismo y la aceptaci\u00f3n de lo inesperado.<\/p>\n\n\n\n<p>Fernando es un meticuloso profesor de geograf\u00eda que, tras el repentino abandono de su esposa, ve c\u00f3mo su realidad se desmorona. Dejando atr\u00e1s cualquier v\u00ednculo con su vida anterior, emprende en soledad un nuevo camino que lo lleva a Portugal donde, por azares del destino, suplanta la identidad de un jardinero en una finca. All\u00ed formar\u00e1 nuevos v\u00ednculos que cambiar\u00e1n por completo su visi\u00f3n sobre la amistad, las relaciones humanas, la felicidad, su vida y sus prioridades.<\/p>\n\n\n\n<p>Con un ritmo pausado y sereno, <em>Una Quinta Portuguesa<\/em> se adentra con ternura y delicadeza en la b\u00fasqueda de la identidad a trav\u00e9s de las segundas oportunidades. Con las espl\u00e9ndidas interpretaciones de Manolo Solo y Mar\u00eda de Medeiros, Avelina Prat (quien tambi\u00e9n firma el guion de la pel\u00edcula) abre la mirada al optimismo y a la incertidumbre como posibilidad y, a trav\u00e9s de la deconstrucci\u00f3n personal y social de un individuo que ten\u00eda la vida resuelta, nos recuerda que todo lo que parece terminar, en realidad hace posible un nuevo comienzo.<\/p>\n\n\n\n<p>Aclamada por la cr\u00edtica y superando los 105.000 espectadores, la pel\u00edcula ha sido una de las revelaciones del a\u00f1o 2025. El t\u00edtulo es candidato a Mejor pel\u00edcula en lengua no catalana en los Premios Gaud\u00ed.<\/p>\n\n\n\n<p>Como es habitual, el precio de la entrada ser\u00e1 de 4,5 \u20ac (general) y de 3 \u20ac para los espectadores que presenten el carn\u00e9 de la Biblioteca P\u00fablica de la Bisbal del Pened\u00e8s. Los beneficios se destinar\u00e1n a la entidad que gestione la taquilla antes de la proyecci\u00f3n.<\/p>\n","protected":false},"excerpt":{"rendered":"<p>El diumenge 25 de gener, a les 18h, podreu veure la pel\u00b7l\u00edcula &#8220;Una Quinta Portuguesa&#8221; a l&#8217;auditori del CMC, en el marc del Cicle Gaud\u00ed de cinema catal\u00e0. La gesti\u00f3 &hellip; <a href=\"https:\/\/bisbalpenedes.com\/web\/2026\/01\/09\/la-primera-pellicula-de-lany-del-cicle-gaudi-es-una-quinta-portuguesa-i-la-podreu-veure-el-dia-25-de-gener-al-cmc\/\" class=\"more-link\">Read More<\/a><\/p>\n","protected":false},"author":4,"featured_media":35829,"comment_status":"closed","ping_status":"closed","sticky":false,"template":"","format":"standard","meta":[],"categories":[13,8],"tags":[459,308,813,307,393,7303],"_links":{"self":[{"href":"https:\/\/bisbalpenedes.com\/web\/wp-json\/wp\/v2\/posts\/35832"}],"collection":[{"href":"https:\/\/bisbalpenedes.com\/web\/wp-json\/wp\/v2\/posts"}],"about":[{"href":"https:\/\/bisbalpenedes.com\/web\/wp-json\/wp\/v2\/types\/post"}],"author":[{"embeddable":true,"href":"https:\/\/bisbalpenedes.com\/web\/wp-json\/wp\/v2\/users\/4"}],"replies":[{"embeddable":true,"href":"https:\/\/bisbalpenedes.com\/web\/wp-json\/wp\/v2\/comments?post=35832"}],"version-history":[{"count":4,"href":"https:\/\/bisbalpenedes.com\/web\/wp-json\/wp\/v2\/posts\/35832\/revisions"}],"predecessor-version":[{"id":35945,"href":"https:\/\/bisbalpenedes.com\/web\/wp-json\/wp\/v2\/posts\/35832\/revisions\/35945"}],"wp:featuredmedia":[{"embeddable":true,"href":"https:\/\/bisbalpenedes.com\/web\/wp-json\/wp\/v2\/media\/35829"}],"wp:attachment":[{"href":"https:\/\/bisbalpenedes.com\/web\/wp-json\/wp\/v2\/media?parent=35832"}],"wp:term":[{"taxonomy":"category","embeddable":true,"href":"https:\/\/bisbalpenedes.com\/web\/wp-json\/wp\/v2\/categories?post=35832"},{"taxonomy":"post_tag","embeddable":true,"href":"https:\/\/bisbalpenedes.com\/web\/wp-json\/wp\/v2\/tags?post=35832"}],"curies":[{"name":"wp","href":"https:\/\/api.w.org\/{rel}","templated":true}]}}