{"id":3582,"date":"2017-10-06T02:47:07","date_gmt":"2017-10-05T20:47:07","guid":{"rendered":"http:\/\/bisbalpenedes.com\/web\/?p=3582"},"modified":"2017-10-06T02:47:07","modified_gmt":"2017-10-05T20:47:07","slug":"la-junta-de-govern-aprova-els-beneficiaris-de-la-convocatoria-de-subvencions-escolars-per-a-families-desafavorides-pel-curs-2017-2018","status":"publish","type":"post","link":"https:\/\/bisbalpenedes.com\/web\/2017\/10\/06\/la-junta-de-govern-aprova-els-beneficiaris-de-la-convocatoria-de-subvencions-escolars-per-a-families-desafavorides-pel-curs-2017-2018\/","title":{"rendered":"La Junta de Govern aprova els beneficiaris de la convocat\u00f2ria de subvencions escolars per a fam\u00edlies desafavorides pel curs 2017-2018"},"content":{"rendered":"<p>La Junta de Govern local de l\u2019Ajuntament de La Bisbal ha aprovat els beneficiaris de la convocat\u00f2ria de subvencions escolars de fam\u00edlies desafavorides pel curs 2017\/2018 per a l\u2019adquisici\u00f3 de llibres de text, transport escolar i pagament de la quota de l\u2019AMPA.<\/p>\n<p>En aquesta convocat\u00f2ria s\u2019han presentat set fam\u00edlies, de les quals dues compleixen els requisits i han estat declarades benefici\u00e0ries de la subvenci\u00f3. Les altres cinc fam\u00edlies no poden ser benefici\u00e0ries d\u2019aquestes subvencions per diversos motius:<\/p>\n<p>-Tres fam\u00edlies van ser benefici\u00e0ries d\u2019aquesta subvenci\u00f3 l\u2019any passat i la Llei de Subvencions estableix que s\u00f3n subvencions excepcionals i, per tant, per un any.<\/p>\n<p>-Una fam\u00edlia no ha presentat la documentaci\u00f3 requerida i reclamada.<\/p>\n<p>-Una fam\u00edlia ha presentat la sol\u00b7licitud fora de termini.<\/p>\n","protected":false},"excerpt":{"rendered":"<p>La Junta de Govern local de l\u2019Ajuntament de La Bisbal ha aprovat els beneficiaris de la convocat\u00f2ria de subvencions escolars de fam\u00edlies desafavorides pel curs 2017\/2018 per a l\u2019adquisici\u00f3 de &hellip; <a href=\"https:\/\/bisbalpenedes.com\/web\/2017\/10\/06\/la-junta-de-govern-aprova-els-beneficiaris-de-la-convocatoria-de-subvencions-escolars-per-a-families-desafavorides-pel-curs-2017-2018\/\" class=\"more-link\">Read More<\/a><\/p>\n","protected":false},"author":4,"featured_media":1662,"comment_status":"closed","ping_status":"closed","sticky":false,"template":"","format":"standard","meta":[],"categories":[16],"tags":[287,241,227,148,102,184],"_links":{"self":[{"href":"https:\/\/bisbalpenedes.com\/web\/wp-json\/wp\/v2\/posts\/3582"}],"collection":[{"href":"https:\/\/bisbalpenedes.com\/web\/wp-json\/wp\/v2\/posts"}],"about":[{"href":"https:\/\/bisbalpenedes.com\/web\/wp-json\/wp\/v2\/types\/post"}],"author":[{"embeddable":true,"href":"https:\/\/bisbalpenedes.com\/web\/wp-json\/wp\/v2\/users\/4"}],"replies":[{"embeddable":true,"href":"https:\/\/bisbalpenedes.com\/web\/wp-json\/wp\/v2\/comments?post=3582"}],"version-history":[{"count":1,"href":"https:\/\/bisbalpenedes.com\/web\/wp-json\/wp\/v2\/posts\/3582\/revisions"}],"predecessor-version":[{"id":3583,"href":"https:\/\/bisbalpenedes.com\/web\/wp-json\/wp\/v2\/posts\/3582\/revisions\/3583"}],"wp:featuredmedia":[{"embeddable":true,"href":"https:\/\/bisbalpenedes.com\/web\/wp-json\/wp\/v2\/media\/1662"}],"wp:attachment":[{"href":"https:\/\/bisbalpenedes.com\/web\/wp-json\/wp\/v2\/media?parent=3582"}],"wp:term":[{"taxonomy":"category","embeddable":true,"href":"https:\/\/bisbalpenedes.com\/web\/wp-json\/wp\/v2\/categories?post=3582"},{"taxonomy":"post_tag","embeddable":true,"href":"https:\/\/bisbalpenedes.com\/web\/wp-json\/wp\/v2\/tags?post=3582"}],"curies":[{"name":"wp","href":"https:\/\/api.w.org\/{rel}","templated":true}]}}