{"id":35812,"date":"2026-01-08T10:00:12","date_gmt":"2026-01-08T08:00:12","guid":{"rendered":"https:\/\/bisbalpenedes.com\/web\/?p=35812"},"modified":"2026-01-08T10:51:56","modified_gmt":"2026-01-08T08:51:56","slug":"sadjudiquen-les-obres-de-construccio-de-laparcament-public-al-barri-de-la-riba","status":"publish","type":"post","link":"https:\/\/bisbalpenedes.com\/web\/2026\/01\/08\/sadjudiquen-les-obres-de-construccio-de-laparcament-public-al-barri-de-la-riba\/","title":{"rendered":"S\u2019adjudiquen les obres de construcci\u00f3 de l\u2019aparcament p\u00fablic del barri de la Riba"},"content":{"rendered":"\n<p><strong>L&#8217;aparcament tindr\u00e0 58 places i est\u00e0 pensat perqu\u00e8 quedi integrat a l&#8217;entorn amb criteris de sostenibilitat<\/strong><\/p>\n\n\n\n<p>La Junta de Govern Local, en la sessi\u00f3 celebrada el dilluns 29 de desembre, va aprovar l\u2019adjudicaci\u00f3 del contracte d\u2019obres per a la construcci\u00f3 de l\u2019aparcament p\u00fablic al barri de la Riba a petici\u00f3 de la Regidoria de Via P\u00fablica. Les obres s\u2019han adjudicat a l\u2019empresa Reciclatges Pened\u00e8s SL, per un import de 120.039,16 euros (IVA incl\u00f2s), despr\u00e9s del corresponent proc\u00e9s de licitaci\u00f3, en el qual aquesta empresa ha obtingut la puntuaci\u00f3 m\u00e9s alta d\u2019acord amb els criteris establerts.<\/p>\n\n\n\n<p>L\u2019objectiu d\u2019aquesta actuaci\u00f3 \u00e9s donar resposta als problemes d\u2019estacionament en aquesta zona del municipi i consolidar un espai que ja funciona com a aparcament provisional des del febrer de 2024.<br><br>Segons ha explicat l\u2019alcaldessa en funcions de la Bisbal del Pened\u00e8s, Judith Vidal, si el procediment avan\u00e7a segons el calendari previst, les obres podrien iniciar-se el proper mes de febrer.<\/p>\n\n\n\n<p><strong>Com ser\u00e0 l\u2019aparcament?<\/strong><\/p>\n\n\n\n<p>El projecte ha estat redactat per l\u2019arquitecte Ignasi Forcada Martorell i preveu la creaci\u00f3 de 58 places d\u2019aparcament, dues de les quals adaptades, en una superf\u00edcie total de 1.632,60 m\u00b2.<\/p>\n\n\n\n<p>Un dels aspectes m\u00e9s destacats del projecte \u00e9s l\u2019aposta per la sostenibilitat i la integraci\u00f3 paisatg\u00edstica. L\u2019Ajuntament t\u00e9 la voluntat que l\u2019aparcament s\u2019adapti a l\u2019entorn amb la m\u00ednima petjada ecol\u00f2gica possible. Per aquest motiu, s\u2019utilitzaran materials propis de la zona, com el saul\u00f3, la pedra i l\u2019arbrat aut\u00f2cton.<\/p>\n\n\n\n<p>El paviment de la zona d\u2019estacionament ser\u00e0 de saul\u00f3, un material natural, transpirable i permeable, que respecta visualment el paisatge i no s\u2019escalfa amb les altes temperatures estiuenques. Per a la zona de circulaci\u00f3 de vehicles, s\u2019emprar\u00e0 un tipus especial de saul\u00f3 m\u00e9s adequat per al tr\u00e0nsit rodat, mentre que la vorera es pavimentar\u00e0 amb panot, mantenint la coher\u00e8ncia amb la resta del barri de la Riba.<\/p>\n\n\n\n<p>La separaci\u00f3 amb les parcel\u00b7les agr\u00edcoles ve\u00efnes es far\u00e0 mitjan\u00e7ant gabions de pedra seca, i totes les places d\u2019aparcament disposaran d\u2019elements f\u00edsics delimitadors per evitar que els vehicles estacionin fora dels espais assignats. Pel que fa a la il\u00b7luminaci\u00f3, l\u2019aparcament comptar\u00e0 amb sis fanals amb llumeneres alimentades amb energia fotovoltaica i activades per detectors de pres\u00e8ncia, una mesura que permet reduir la contaminaci\u00f3 lum\u00ednica.<\/p>\n\n\n\n<hr class=\"wp-block-separator has-alpha-channel-opacity\"\/>\n\n\n\n<h4><strong>Se adjudican las obras de construcci\u00f3n del aparcamiento p\u00fablico en el barrio de la Riba<br>El aparcamiento contar\u00e1 con 58 plazas y est\u00e1 concebido para integrarse en el entorno con criterios de sostenibilidad<\/strong><\/h4>\n\n\n\n<p>La Junta de Gobierno Local, en la sesi\u00f3n celebrada el lunes 29 de diciembre, aprob\u00f3 la adjudicaci\u00f3n del contrato de obras para la construcci\u00f3n del aparcamiento p\u00fablico en el barrio de la Riba, a petici\u00f3n de la Regidoria de Via P\u00fablica. Las obras se han adjudicado a la empresa Reciclatges Pened\u00e8s SL, por un importe de 120.039,16 euros (IVA incluido), tras el correspondiente proceso de licitaci\u00f3n, en el que esta empresa ha obtenido la puntuaci\u00f3n m\u00e1s alta de acuerdo con los criterios establecidos.<\/p>\n\n\n\n<p>El objetivo de esta actuaci\u00f3n es dar respuesta a los problemas de estacionamiento en esta zona del municipio y consolidar un espacio que ya funciona como aparcamiento provisional desde febrero de 2024.<\/p>\n\n\n\n<p>Seg\u00fan ha explicado la alcaldesa en funciones de la Bisbal del Pened\u00e8s, Judith Vidal, si el procedimiento avanza conforme al calendario previsto, las obras podr\u00edan iniciarse el pr\u00f3ximo mes de febrero.<\/p>\n\n\n\n<p><strong>\u00bfC\u00f3mo ser\u00e1 el aparcamiento?<\/strong><\/p>\n\n\n\n<p>El proyecto ha sido redactado por el arquitecto Ignasi Forcada Martorell y prev\u00e9 la creaci\u00f3n de 58 plazas de aparcamiento, dos de ellas adaptadas, en una superficie total de 1.632,60 m\u00b2.<\/p>\n\n\n\n<p>Uno de los aspectos m\u00e1s destacados del proyecto es la apuesta por la sostenibilidad y la integraci\u00f3n paisaj\u00edstica. El Ajuntament tiene la voluntad de que el aparcamiento se adapte al entorno con la m\u00ednima huella ecol\u00f3gica posible. Por este motivo, se utilizar\u00e1n materiales propios de la zona, como el sabl\u00f3n, la piedra y el arbolado aut\u00f3ctono.<\/p>\n\n\n\n<p>El pavimento de la zona de estacionamiento ser\u00e1 de sabl\u00f3n, un material natural, transpirable y permeable, que respeta visualmente el paisaje y no se calienta con las altas temperaturas estivales. Para la zona de circulaci\u00f3n de veh\u00edculos se emplear\u00e1 un tipo especial de sabl\u00f3n m\u00e1s adecuado para el tr\u00e1fico rodado, mientras que la acera se pavimentar\u00e1 con loseta (<em>panot<\/em>), manteniendo la coherencia con el resto del barrio de la Riba.<\/p>\n\n\n\n<p>La separaci\u00f3n con las parcelas agr\u00edcolas colindantes se realizar\u00e1 mediante gaviones de piedra seca, y todas las plazas de aparcamiento dispondr\u00e1n de elementos f\u00edsicos delimitadores para evitar que los veh\u00edculos estacionen fuera de los espacios asignados. En cuanto a la iluminaci\u00f3n, el aparcamiento contar\u00e1 con seis farolas con luminarias alimentadas con energ\u00eda fotovoltaica y activadas mediante detectores de presencia, una medida que permitir\u00e1 reducir la contaminaci\u00f3n lum\u00ednica.<\/p>\n","protected":false},"excerpt":{"rendered":"<p>L&#8217;aparcament tindr\u00e0 58 places i est\u00e0 pensat perqu\u00e8 quedi integrat a l&#8217;entorn amb criteris de sostenibilitat La Junta de Govern Local, en la sessi\u00f3 celebrada el dilluns 29 de desembre, &hellip; <a href=\"https:\/\/bisbalpenedes.com\/web\/2026\/01\/08\/sadjudiquen-les-obres-de-construccio-de-laparcament-public-al-barri-de-la-riba\/\" class=\"more-link\">Read More<\/a><\/p>\n","protected":false},"author":4,"featured_media":35813,"comment_status":"closed","ping_status":"closed","sticky":false,"template":"","format":"standard","meta":[],"categories":[8,6393],"tags":[330,459,393,1337,1374],"_links":{"self":[{"href":"https:\/\/bisbalpenedes.com\/web\/wp-json\/wp\/v2\/posts\/35812"}],"collection":[{"href":"https:\/\/bisbalpenedes.com\/web\/wp-json\/wp\/v2\/posts"}],"about":[{"href":"https:\/\/bisbalpenedes.com\/web\/wp-json\/wp\/v2\/types\/post"}],"author":[{"embeddable":true,"href":"https:\/\/bisbalpenedes.com\/web\/wp-json\/wp\/v2\/users\/4"}],"replies":[{"embeddable":true,"href":"https:\/\/bisbalpenedes.com\/web\/wp-json\/wp\/v2\/comments?post=35812"}],"version-history":[{"count":2,"href":"https:\/\/bisbalpenedes.com\/web\/wp-json\/wp\/v2\/posts\/35812\/revisions"}],"predecessor-version":[{"id":35826,"href":"https:\/\/bisbalpenedes.com\/web\/wp-json\/wp\/v2\/posts\/35812\/revisions\/35826"}],"wp:featuredmedia":[{"embeddable":true,"href":"https:\/\/bisbalpenedes.com\/web\/wp-json\/wp\/v2\/media\/35813"}],"wp:attachment":[{"href":"https:\/\/bisbalpenedes.com\/web\/wp-json\/wp\/v2\/media?parent=35812"}],"wp:term":[{"taxonomy":"category","embeddable":true,"href":"https:\/\/bisbalpenedes.com\/web\/wp-json\/wp\/v2\/categories?post=35812"},{"taxonomy":"post_tag","embeddable":true,"href":"https:\/\/bisbalpenedes.com\/web\/wp-json\/wp\/v2\/tags?post=35812"}],"curies":[{"name":"wp","href":"https:\/\/api.w.org\/{rel}","templated":true}]}}