{"id":3580,"date":"2017-10-06T02:45:19","date_gmt":"2017-10-05T20:45:19","guid":{"rendered":"http:\/\/bisbalpenedes.com\/web\/?p=3580"},"modified":"2017-10-06T03:05:29","modified_gmt":"2017-10-05T21:05:29","slug":"arpovat-el-conveni-perque-la-bisbal-tingui-centre-obert-durant-el-curs-20172018","status":"publish","type":"post","link":"https:\/\/bisbalpenedes.com\/web\/2017\/10\/06\/arpovat-el-conveni-perque-la-bisbal-tingui-centre-obert-durant-el-curs-20172018\/","title":{"rendered":"Aprovat el conveni perqu\u00e8 la Bisbal tingui Centre Obert durant el curs 2017\/2018"},"content":{"rendered":"<p>L\u2019Ajuntament de La Bisbal del Pened\u00e8s ha aprovat un conveni amb el Consell Comarcal del Baix Pened\u00e8s per comptar amb el Centre Obert durant el curs 2017\/2018.<\/p>\n<p>Aquest \u00e9s el segon curs lectiu en qu\u00e8 es signa aquest conveni amb Serveis Socials del Consell Comarcal del Baix Pened\u00e8s i l\u2019Ajuntament, que fa un balan\u00e7 positiu de l\u2019experi\u00e8ncia del curs passat, torna a col\u00b7laborar en el programa amb un import de 1800\u20ac (per tot el curs).<\/p>\n<p>La finalitat de la signatura d\u2019aquest conveni \u00e9s poder seguir oferint el servei de Centre Obert a l\u2019Escola Ull de Vent, un projecte que persegueix donar resposta a les necessitats socioeducatives dels menors, per educar en el temps lliure amb valors.<\/p>\n<p>Aquest programa el poden gaudir deu menors del municipi durant quatre dies a la setmana, durant una hora i mitja cada jornada i s\u2019adre\u00e7a a fam\u00edlies que estan rebent els serveis de seguiment dels Serveis Socials del Consell Comarcal.<\/p>\n","protected":false},"excerpt":{"rendered":"<p>L\u2019Ajuntament de La Bisbal del Pened\u00e8s ha aprovat un conveni amb el Consell Comarcal del Baix Pened\u00e8s per comptar amb el Centre Obert durant el curs 2017\/2018. Aquest \u00e9s el &hellip; <a href=\"https:\/\/bisbalpenedes.com\/web\/2017\/10\/06\/arpovat-el-conveni-perque-la-bisbal-tingui-centre-obert-durant-el-curs-20172018\/\" class=\"more-link\">Read More<\/a><\/p>\n","protected":false},"author":4,"featured_media":2355,"comment_status":"closed","ping_status":"closed","sticky":false,"template":"","format":"standard","meta":[],"categories":[4,17],"tags":[844,396,181,268,222],"_links":{"self":[{"href":"https:\/\/bisbalpenedes.com\/web\/wp-json\/wp\/v2\/posts\/3580"}],"collection":[{"href":"https:\/\/bisbalpenedes.com\/web\/wp-json\/wp\/v2\/posts"}],"about":[{"href":"https:\/\/bisbalpenedes.com\/web\/wp-json\/wp\/v2\/types\/post"}],"author":[{"embeddable":true,"href":"https:\/\/bisbalpenedes.com\/web\/wp-json\/wp\/v2\/users\/4"}],"replies":[{"embeddable":true,"href":"https:\/\/bisbalpenedes.com\/web\/wp-json\/wp\/v2\/comments?post=3580"}],"version-history":[{"count":2,"href":"https:\/\/bisbalpenedes.com\/web\/wp-json\/wp\/v2\/posts\/3580\/revisions"}],"predecessor-version":[{"id":3596,"href":"https:\/\/bisbalpenedes.com\/web\/wp-json\/wp\/v2\/posts\/3580\/revisions\/3596"}],"wp:featuredmedia":[{"embeddable":true,"href":"https:\/\/bisbalpenedes.com\/web\/wp-json\/wp\/v2\/media\/2355"}],"wp:attachment":[{"href":"https:\/\/bisbalpenedes.com\/web\/wp-json\/wp\/v2\/media?parent=3580"}],"wp:term":[{"taxonomy":"category","embeddable":true,"href":"https:\/\/bisbalpenedes.com\/web\/wp-json\/wp\/v2\/categories?post=3580"},{"taxonomy":"post_tag","embeddable":true,"href":"https:\/\/bisbalpenedes.com\/web\/wp-json\/wp\/v2\/tags?post=3580"}],"curies":[{"name":"wp","href":"https:\/\/api.w.org\/{rel}","templated":true}]}}