{"id":35795,"date":"2026-01-07T16:23:41","date_gmt":"2026-01-07T14:23:41","guid":{"rendered":"https:\/\/bisbalpenedes.com\/web\/?p=35795"},"modified":"2026-01-07T16:23:42","modified_gmt":"2026-01-07T14:23:42","slug":"avis-per-vent-fort-per-al-divendres-9-de-gener","status":"publish","type":"post","link":"https:\/\/bisbalpenedes.com\/web\/2026\/01\/07\/avis-per-vent-fort-per-al-divendres-9-de-gener\/","title":{"rendered":"Av\u00eds per vent fort per al divendres 9 de gener"},"content":{"rendered":"\n<p>El Servei Meteorol\u00f2gic de Catalunya ha em\u00e8s un av\u00eds per vent per al divendres 9 de gener. Extremeu les precaucions.<br>Per a m\u00e9s informaci\u00f3 accediu a <a href=\"http:\/\/www.meteo.cat\" target=\"_blank\" rel=\"noreferrer noopener\">http:\/\/www.meteo.cat<\/a><\/p>\n\n\n\n<hr class=\"wp-block-separator has-alpha-channel-opacity\"\/>\n\n\n\n<p>El Servei Meteorol\u00f2gic de Catalunya ha emitido un aviso por viento para el viernes 9 de enero. Extremad las precauciones. Para m\u00e1s informaci\u00f3n acceded a <a href=\"http:\/\/www.meteo.cat\" target=\"_blank\" rel=\"noreferrer noopener\">http:\/\/www.meteo.cat<\/a><\/p>\n\n\n\n<figure class=\"wp-block-image size-large\"><img loading=\"lazy\" width=\"722\" height=\"1024\" src=\"https:\/\/bisbalpenedes.com\/web\/wp-content\/uploads\/2022\/11\/Triptic_ventades-story_page-0001-722x1024.jpg\" alt=\"\" class=\"wp-image-24007\" srcset=\"https:\/\/bisbalpenedes.com\/web\/wp-content\/uploads\/2022\/11\/Triptic_ventades-story_page-0001-722x1024.jpg 722w, https:\/\/bisbalpenedes.com\/web\/wp-content\/uploads\/2022\/11\/Triptic_ventades-story_page-0001-212x300.jpg 212w, https:\/\/bisbalpenedes.com\/web\/wp-content\/uploads\/2022\/11\/Triptic_ventades-story_page-0001-768x1089.jpg 768w, https:\/\/bisbalpenedes.com\/web\/wp-content\/uploads\/2022\/11\/Triptic_ventades-story_page-0001-600x851.jpg 600w, https:\/\/bisbalpenedes.com\/web\/wp-content\/uploads\/2022\/11\/Triptic_ventades-story_page-0001.jpg 875w\" sizes=\"(max-width: 722px) 100vw, 722px\" \/><\/figure>\n\n\n\n<figure class=\"wp-block-image size-large\"><img loading=\"lazy\" width=\"722\" height=\"1024\" src=\"https:\/\/bisbalpenedes.com\/web\/wp-content\/uploads\/2022\/11\/Triptic_ventades-story_page-0002-722x1024.jpg\" alt=\"\" class=\"wp-image-24008\" srcset=\"https:\/\/bisbalpenedes.com\/web\/wp-content\/uploads\/2022\/11\/Triptic_ventades-story_page-0002-722x1024.jpg 722w, https:\/\/bisbalpenedes.com\/web\/wp-content\/uploads\/2022\/11\/Triptic_ventades-story_page-0002-212x300.jpg 212w, https:\/\/bisbalpenedes.com\/web\/wp-content\/uploads\/2022\/11\/Triptic_ventades-story_page-0002-768x1089.jpg 768w, https:\/\/bisbalpenedes.com\/web\/wp-content\/uploads\/2022\/11\/Triptic_ventades-story_page-0002-600x851.jpg 600w, https:\/\/bisbalpenedes.com\/web\/wp-content\/uploads\/2022\/11\/Triptic_ventades-story_page-0002.jpg 875w\" sizes=\"(max-width: 722px) 100vw, 722px\" \/><\/figure>\n","protected":false},"excerpt":{"rendered":"<p>El Servei Meteorol\u00f2gic de Catalunya ha em\u00e8s un av\u00eds per vent per al divendres 9 de gener. Extremeu les precaucions.Per a m\u00e9s informaci\u00f3 accediu a http:\/\/www.meteo.cat El Servei Meteorol\u00f2gic de &hellip; <a href=\"https:\/\/bisbalpenedes.com\/web\/2026\/01\/07\/avis-per-vent-fort-per-al-divendres-9-de-gener\/\" class=\"more-link\">Read More<\/a><\/p>\n","protected":false},"author":4,"featured_media":35796,"comment_status":"closed","ping_status":"closed","sticky":false,"template":"","format":"standard","meta":[],"categories":[2543,8],"tags":[459,393,1374,1187,3362],"_links":{"self":[{"href":"https:\/\/bisbalpenedes.com\/web\/wp-json\/wp\/v2\/posts\/35795"}],"collection":[{"href":"https:\/\/bisbalpenedes.com\/web\/wp-json\/wp\/v2\/posts"}],"about":[{"href":"https:\/\/bisbalpenedes.com\/web\/wp-json\/wp\/v2\/types\/post"}],"author":[{"embeddable":true,"href":"https:\/\/bisbalpenedes.com\/web\/wp-json\/wp\/v2\/users\/4"}],"replies":[{"embeddable":true,"href":"https:\/\/bisbalpenedes.com\/web\/wp-json\/wp\/v2\/comments?post=35795"}],"version-history":[{"count":1,"href":"https:\/\/bisbalpenedes.com\/web\/wp-json\/wp\/v2\/posts\/35795\/revisions"}],"predecessor-version":[{"id":35797,"href":"https:\/\/bisbalpenedes.com\/web\/wp-json\/wp\/v2\/posts\/35795\/revisions\/35797"}],"wp:featuredmedia":[{"embeddable":true,"href":"https:\/\/bisbalpenedes.com\/web\/wp-json\/wp\/v2\/media\/35796"}],"wp:attachment":[{"href":"https:\/\/bisbalpenedes.com\/web\/wp-json\/wp\/v2\/media?parent=35795"}],"wp:term":[{"taxonomy":"category","embeddable":true,"href":"https:\/\/bisbalpenedes.com\/web\/wp-json\/wp\/v2\/categories?post=35795"},{"taxonomy":"post_tag","embeddable":true,"href":"https:\/\/bisbalpenedes.com\/web\/wp-json\/wp\/v2\/tags?post=35795"}],"curies":[{"name":"wp","href":"https:\/\/api.w.org\/{rel}","templated":true}]}}