{"id":35784,"date":"2026-01-06T22:13:44","date_gmt":"2026-01-06T20:13:44","guid":{"rendered":"https:\/\/bisbalpenedes.com\/web\/?p=35784"},"modified":"2026-01-06T22:14:43","modified_gmt":"2026-01-06T20:14:43","slug":"avis-per-fred-intens-durant-la-matinada-i-mati-del-dimecres-7-de-gener","status":"publish","type":"post","link":"https:\/\/bisbalpenedes.com\/web\/2026\/01\/06\/avis-per-fred-intens-durant-la-matinada-i-mati-del-dimecres-7-de-gener\/","title":{"rendered":"Av\u00eds per fred intens durant la matinada i mat\u00ed del dimecres 7 de gener"},"content":{"rendered":"\n<p>El Servei Meteorol\u00f2gic de Catalunya ha em\u00e8s un av\u00eds per fred intens per a la pr\u00f2xima matinada. Seguiu els consells i recomanacions de Protecci\u00f3 Civil.<\/p>\n\n\n\n<hr class=\"wp-block-separator has-alpha-channel-opacity\"\/>\n\n\n\n<p>El Servei Meteorol\u00f2gic de Catalunya ha emitido un aviso por fr\u00edo intenso para la pr\u00f3xima madrugada. Seguid los consejos y recomendaciones de Protecci\u00f3 Civil.<\/p>\n\n\n\n<figure class=\"wp-block-image size-large is-resized\"><img loading=\"lazy\" src=\"https:\/\/bisbalpenedes.com\/web\/wp-content\/uploads\/2026\/01\/IMG_4800-724x1024.jpeg\" alt=\"\" class=\"wp-image-35787\" width=\"400\" height=\"565\" srcset=\"https:\/\/bisbalpenedes.com\/web\/wp-content\/uploads\/2026\/01\/IMG_4800-724x1024.jpeg 724w, https:\/\/bisbalpenedes.com\/web\/wp-content\/uploads\/2026\/01\/IMG_4800-212x300.jpeg 212w, https:\/\/bisbalpenedes.com\/web\/wp-content\/uploads\/2026\/01\/IMG_4800-768x1086.jpeg 768w, https:\/\/bisbalpenedes.com\/web\/wp-content\/uploads\/2026\/01\/IMG_4800-1086x1536.jpeg 1086w, https:\/\/bisbalpenedes.com\/web\/wp-content\/uploads\/2026\/01\/IMG_4800-600x849.jpeg 600w, https:\/\/bisbalpenedes.com\/web\/wp-content\/uploads\/2026\/01\/IMG_4800.jpeg 1448w\" sizes=\"(max-width: 400px) 100vw, 400px\" \/><\/figure>\n\n\n\n<figure class=\"wp-block-image size-full\"><img loading=\"lazy\" width=\"491\" height=\"695\" src=\"https:\/\/bisbalpenedes.com\/web\/wp-content\/uploads\/2026\/01\/IMG_4680.jpeg\" alt=\"\" class=\"wp-image-35788\" srcset=\"https:\/\/bisbalpenedes.com\/web\/wp-content\/uploads\/2026\/01\/IMG_4680.jpeg 491w, https:\/\/bisbalpenedes.com\/web\/wp-content\/uploads\/2026\/01\/IMG_4680-212x300.jpeg 212w\" sizes=\"(max-width: 491px) 100vw, 491px\" \/><\/figure>\n","protected":false},"excerpt":{"rendered":"<p>El Servei Meteorol\u00f2gic de Catalunya ha em\u00e8s un av\u00eds per fred intens per a la pr\u00f2xima matinada. Seguiu els consells i recomanacions de Protecci\u00f3 Civil. El Servei Meteorol\u00f2gic de Catalunya &hellip; <a href=\"https:\/\/bisbalpenedes.com\/web\/2026\/01\/06\/avis-per-fred-intens-durant-la-matinada-i-mati-del-dimecres-7-de-gener\/\" class=\"more-link\">Read More<\/a><\/p>\n","protected":false},"author":4,"featured_media":35786,"comment_status":"closed","ping_status":"closed","sticky":false,"template":"","format":"standard","meta":[],"categories":[1628,2543,8],"tags":[459,214,393,1374],"_links":{"self":[{"href":"https:\/\/bisbalpenedes.com\/web\/wp-json\/wp\/v2\/posts\/35784"}],"collection":[{"href":"https:\/\/bisbalpenedes.com\/web\/wp-json\/wp\/v2\/posts"}],"about":[{"href":"https:\/\/bisbalpenedes.com\/web\/wp-json\/wp\/v2\/types\/post"}],"author":[{"embeddable":true,"href":"https:\/\/bisbalpenedes.com\/web\/wp-json\/wp\/v2\/users\/4"}],"replies":[{"embeddable":true,"href":"https:\/\/bisbalpenedes.com\/web\/wp-json\/wp\/v2\/comments?post=35784"}],"version-history":[{"count":2,"href":"https:\/\/bisbalpenedes.com\/web\/wp-json\/wp\/v2\/posts\/35784\/revisions"}],"predecessor-version":[{"id":35789,"href":"https:\/\/bisbalpenedes.com\/web\/wp-json\/wp\/v2\/posts\/35784\/revisions\/35789"}],"wp:featuredmedia":[{"embeddable":true,"href":"https:\/\/bisbalpenedes.com\/web\/wp-json\/wp\/v2\/media\/35786"}],"wp:attachment":[{"href":"https:\/\/bisbalpenedes.com\/web\/wp-json\/wp\/v2\/media?parent=35784"}],"wp:term":[{"taxonomy":"category","embeddable":true,"href":"https:\/\/bisbalpenedes.com\/web\/wp-json\/wp\/v2\/categories?post=35784"},{"taxonomy":"post_tag","embeddable":true,"href":"https:\/\/bisbalpenedes.com\/web\/wp-json\/wp\/v2\/tags?post=35784"}],"curies":[{"name":"wp","href":"https:\/\/api.w.org\/{rel}","templated":true}]}}