{"id":3578,"date":"2017-10-06T02:42:50","date_gmt":"2017-10-05T20:42:50","guid":{"rendered":"http:\/\/bisbalpenedes.com\/web\/?p=3578"},"modified":"2017-10-06T02:42:50","modified_gmt":"2017-10-05T20:42:50","slug":"quatre-entitats-culturals-de-la-vila-rebran-una-subvencio-de-lajuntament-de-la-bisbal","status":"publish","type":"post","link":"https:\/\/bisbalpenedes.com\/web\/2017\/10\/06\/quatre-entitats-culturals-de-la-vila-rebran-una-subvencio-de-lajuntament-de-la-bisbal\/","title":{"rendered":"Quatre entitats culturals de la vila rebran una subvenci\u00f3 de l&#8217;Ajuntament de la Bisbal"},"content":{"rendered":"<p>L\u2019Ajuntament de La Bisbal ha aprovat la concessi\u00f3 de subvencions a entitats culturals a les quatre entitats bisbalenques que van fer la sol\u00b7licitud i ja han presentat tota la documentaci\u00f3. Com que aquestes entitats compleixen els requisits de la convocat\u00f2ria, s\u2019ha aprovat la concessi\u00f3 i pagament de la subvenci\u00f3. Es d\u00f3na el cas que hi ha una cinquena entitat que tamb\u00e9 ha presentat sol\u00b7licitud per\u00f2 encara no ha presentat tota la documentaci\u00f3. \u00c9s per aix\u00f2 que es procedir\u00e0 a aprovar aquesta subvenci\u00f3 a aquesta entitat quan hagi presentat tots els documents necessaris, sempre que l\u2019entitat compleixi tots els requisits establerts a les bases.<\/p>\n<p>Les entitats que rebran properament la subvenci\u00f3 s\u00f3n:<\/p>\n<p style=\"padding-left: 30px;\">-Associaci\u00f3 Cor Antistiana: 3.071,09\u20ac<br \/>\n-Ball de Gitanes de la Bisbal del Pened\u00e8s: 661,18\u20ac<br \/>\n-Associaci\u00f3 de dones Roca Foradada: 357,42\u20ac<br \/>\n-Societat Cultural i Recreativa Bisbalenca: 6.738,10\u20ac<\/p>\n<p>En tots els casos s\u2018ha aplicat el m\u00e0xim de quantitat econ\u00f2mica possible segons la informaci\u00f3 plantejada a la documentaci\u00f3 presentada per les entitats.<\/p>\n","protected":false},"excerpt":{"rendered":"<p>L\u2019Ajuntament de La Bisbal ha aprovat la concessi\u00f3 de subvencions a entitats culturals a les quatre entitats bisbalenques que van fer la sol\u00b7licitud i ja han presentat tota la documentaci\u00f3. &hellip; <a href=\"https:\/\/bisbalpenedes.com\/web\/2017\/10\/06\/quatre-entitats-culturals-de-la-vila-rebran-una-subvencio-de-lajuntament-de-la-bisbal\/\" class=\"more-link\">Read More<\/a><\/p>\n","protected":false},"author":4,"featured_media":3182,"comment_status":"closed","ping_status":"closed","sticky":false,"template":"","format":"standard","meta":[],"categories":[13],"tags":[841,225,842,237,300,843,99],"_links":{"self":[{"href":"https:\/\/bisbalpenedes.com\/web\/wp-json\/wp\/v2\/posts\/3578"}],"collection":[{"href":"https:\/\/bisbalpenedes.com\/web\/wp-json\/wp\/v2\/posts"}],"about":[{"href":"https:\/\/bisbalpenedes.com\/web\/wp-json\/wp\/v2\/types\/post"}],"author":[{"embeddable":true,"href":"https:\/\/bisbalpenedes.com\/web\/wp-json\/wp\/v2\/users\/4"}],"replies":[{"embeddable":true,"href":"https:\/\/bisbalpenedes.com\/web\/wp-json\/wp\/v2\/comments?post=3578"}],"version-history":[{"count":1,"href":"https:\/\/bisbalpenedes.com\/web\/wp-json\/wp\/v2\/posts\/3578\/revisions"}],"predecessor-version":[{"id":3579,"href":"https:\/\/bisbalpenedes.com\/web\/wp-json\/wp\/v2\/posts\/3578\/revisions\/3579"}],"wp:featuredmedia":[{"embeddable":true,"href":"https:\/\/bisbalpenedes.com\/web\/wp-json\/wp\/v2\/media\/3182"}],"wp:attachment":[{"href":"https:\/\/bisbalpenedes.com\/web\/wp-json\/wp\/v2\/media?parent=3578"}],"wp:term":[{"taxonomy":"category","embeddable":true,"href":"https:\/\/bisbalpenedes.com\/web\/wp-json\/wp\/v2\/categories?post=3578"},{"taxonomy":"post_tag","embeddable":true,"href":"https:\/\/bisbalpenedes.com\/web\/wp-json\/wp\/v2\/tags?post=3578"}],"curies":[{"name":"wp","href":"https:\/\/api.w.org\/{rel}","templated":true}]}}