{"id":35764,"date":"2026-01-02T20:08:52","date_gmt":"2026-01-02T18:08:52","guid":{"rendered":"https:\/\/bisbalpenedes.com\/web\/?p=35764"},"modified":"2026-01-02T20:08:53","modified_gmt":"2026-01-02T18:08:53","slug":"afectacions-en-laparcament-amb-motiu-de-la-cavalcada-de-reis-del-dilluns-5-de-gener","status":"publish","type":"post","link":"https:\/\/bisbalpenedes.com\/web\/2026\/01\/02\/afectacions-en-laparcament-amb-motiu-de-la-cavalcada-de-reis-del-dilluns-5-de-gener\/","title":{"rendered":"Afectacions en l&#8217;aparcament amb motiu de la cavalcada de Reis del dilluns 5 de gener"},"content":{"rendered":"\n<p>\ufeffAmb motiu de l\u2019arribada de SSMM els Reis d\u2019Orient, us preguem que <strong>no aparqueu els vostres vehicles a l\u2019avinguda Colom i a la pla\u00e7a Catalunya, entre les 18h i les 21h del dilluns 5 de gener<\/strong>. Aix\u00ed, els infants podran gaudir de la cavalcada des de les voreres, sense que els cotxes els tapin la visi\u00f3. Agra\u00efm enormement la vostra col\u00b7laboraci\u00f3.<\/p>\n\n\n\n<p>Si necessiteu un lloc on aparcar, podeu aparcar a l\u2019aparcament de la llar d\u2019infants, a l\u2019aparcament de l\u2019escola, a l\u2019aparcament de l\u2019Era de Batre, a la pla\u00e7a Pau Casals o al carrer dels Safareigs, entre altres.<\/p>\n\n\n\n<hr class=\"wp-block-separator has-alpha-channel-opacity\"\/>\n\n\n\n<p>Con motivo de la llegada de SSMM los Reyes de Oriente, os rogamos que <strong>no aparqu\u00e9is vuestros veh\u00edculos en la avenida Colom y en la plaza Catalunya, entre las 18 h y las 21 h del lunes 5 de enero<\/strong>. De este modo, los ni\u00f1os y ni\u00f1as podr\u00e1n disfrutar de la cabalgata desde las aceras, sin que los coches les tapen la visi\u00f3n. Agradecemos enormemente vuestra colaboraci\u00f3n.<\/p>\n\n\n\n<p>Si necesit\u00e1is un lugar donde aparcar, pod\u00e9is hacerlo en el aparcamiento de la guarder\u00eda, en el aparcamiento de la escuela, en el aparcamiento de l\u2019Era de Batre, en la plaza Pau Casals o en la calle dels Safareigs, entre otros.<\/p>\n","protected":false},"excerpt":{"rendered":"<p>\ufeffAmb motiu de l\u2019arribada de SSMM els Reis d\u2019Orient, us preguem que no aparqueu els vostres vehicles a l\u2019avinguda Colom i a la pla\u00e7a Catalunya, entre les 18h i les &hellip; <a href=\"https:\/\/bisbalpenedes.com\/web\/2026\/01\/02\/afectacions-en-laparcament-amb-motiu-de-la-cavalcada-de-reis-del-dilluns-5-de-gener\/\" class=\"more-link\">Read More<\/a><\/p>\n","protected":false},"author":4,"featured_media":35765,"comment_status":"closed","ping_status":"closed","sticky":false,"template":"","format":"standard","meta":[],"categories":[1628,8],"tags":[],"_links":{"self":[{"href":"https:\/\/bisbalpenedes.com\/web\/wp-json\/wp\/v2\/posts\/35764"}],"collection":[{"href":"https:\/\/bisbalpenedes.com\/web\/wp-json\/wp\/v2\/posts"}],"about":[{"href":"https:\/\/bisbalpenedes.com\/web\/wp-json\/wp\/v2\/types\/post"}],"author":[{"embeddable":true,"href":"https:\/\/bisbalpenedes.com\/web\/wp-json\/wp\/v2\/users\/4"}],"replies":[{"embeddable":true,"href":"https:\/\/bisbalpenedes.com\/web\/wp-json\/wp\/v2\/comments?post=35764"}],"version-history":[{"count":1,"href":"https:\/\/bisbalpenedes.com\/web\/wp-json\/wp\/v2\/posts\/35764\/revisions"}],"predecessor-version":[{"id":35766,"href":"https:\/\/bisbalpenedes.com\/web\/wp-json\/wp\/v2\/posts\/35764\/revisions\/35766"}],"wp:featuredmedia":[{"embeddable":true,"href":"https:\/\/bisbalpenedes.com\/web\/wp-json\/wp\/v2\/media\/35765"}],"wp:attachment":[{"href":"https:\/\/bisbalpenedes.com\/web\/wp-json\/wp\/v2\/media?parent=35764"}],"wp:term":[{"taxonomy":"category","embeddable":true,"href":"https:\/\/bisbalpenedes.com\/web\/wp-json\/wp\/v2\/categories?post=35764"},{"taxonomy":"post_tag","embeddable":true,"href":"https:\/\/bisbalpenedes.com\/web\/wp-json\/wp\/v2\/tags?post=35764"}],"curies":[{"name":"wp","href":"https:\/\/api.w.org\/{rel}","templated":true}]}}