{"id":35752,"date":"2025-12-30T21:00:42","date_gmt":"2025-12-30T19:00:42","guid":{"rendered":"https:\/\/bisbalpenedes.com\/web\/?p=35752"},"modified":"2026-01-05T18:07:03","modified_gmt":"2026-01-05T16:07:03","slug":"arriben-els-reis-dorient-programa-dactivitats-i-recollida-dencarrecs-reials","status":"publish","type":"post","link":"https:\/\/bisbalpenedes.com\/web\/2025\/12\/30\/arriben-els-reis-dorient-programa-dactivitats-i-recollida-dencarrecs-reials\/","title":{"rendered":"Arriben els Reis d&#8217;Orient! Programa d&#8217;activitats i recollida d&#8217;enc\u00e0rrecs reials"},"content":{"rendered":"\n<p>Els Reis d&#8217;Orient ja estan de cam\u00ed! Aqu\u00ed us deixem el programa d&#8217;activitats i els horaris i dates de recollida dels enc\u00e0rrecs reials.<\/p>\n\n\n\n<hr class=\"wp-block-separator has-alpha-channel-opacity\"\/>\n\n\n\n<p>\u00a1Los Reyes Magos ya est\u00e1n de camino! Aqu\u00ed os dejamos el programa de actividades y los horarios y fechas de recogida de los encargos reales.<\/p>\n\n\n\n<figure class=\"wp-block-image size-large\"><img loading=\"lazy\" width=\"675\" height=\"1024\" src=\"https:\/\/bisbalpenedes.com\/web\/wp-content\/uploads\/2025\/12\/REIS-OPT-675x1024.jpeg\" alt=\"\" class=\"wp-image-35758\" srcset=\"https:\/\/bisbalpenedes.com\/web\/wp-content\/uploads\/2025\/12\/REIS-OPT-675x1024.jpeg 675w, https:\/\/bisbalpenedes.com\/web\/wp-content\/uploads\/2025\/12\/REIS-OPT-198x300.jpeg 198w, https:\/\/bisbalpenedes.com\/web\/wp-content\/uploads\/2025\/12\/REIS-OPT-768x1166.jpeg 768w, https:\/\/bisbalpenedes.com\/web\/wp-content\/uploads\/2025\/12\/REIS-OPT-1012x1536.jpeg 1012w, https:\/\/bisbalpenedes.com\/web\/wp-content\/uploads\/2025\/12\/REIS-OPT-1349x2048.jpeg 1349w, https:\/\/bisbalpenedes.com\/web\/wp-content\/uploads\/2025\/12\/REIS-OPT-600x911.jpeg 600w, https:\/\/bisbalpenedes.com\/web\/wp-content\/uploads\/2025\/12\/REIS-OPT-scaled.jpeg 1687w\" sizes=\"(max-width: 675px) 100vw, 675px\" \/><\/figure>\n\n\n\n<figure class=\"wp-block-image size-large\"><img loading=\"lazy\" width=\"675\" height=\"1024\" src=\"https:\/\/bisbalpenedes.com\/web\/wp-content\/uploads\/2025\/12\/reis_orient_26ocietat-675x1024.jpg\" alt=\"\" class=\"wp-image-35754\" srcset=\"https:\/\/bisbalpenedes.com\/web\/wp-content\/uploads\/2025\/12\/reis_orient_26ocietat-675x1024.jpg 675w, https:\/\/bisbalpenedes.com\/web\/wp-content\/uploads\/2025\/12\/reis_orient_26ocietat-198x300.jpg 198w, https:\/\/bisbalpenedes.com\/web\/wp-content\/uploads\/2025\/12\/reis_orient_26ocietat-768x1166.jpg 768w, https:\/\/bisbalpenedes.com\/web\/wp-content\/uploads\/2025\/12\/reis_orient_26ocietat-1012x1536.jpg 1012w, https:\/\/bisbalpenedes.com\/web\/wp-content\/uploads\/2025\/12\/reis_orient_26ocietat-1349x2048.jpg 1349w, https:\/\/bisbalpenedes.com\/web\/wp-content\/uploads\/2025\/12\/reis_orient_26ocietat-600x911.jpg 600w, https:\/\/bisbalpenedes.com\/web\/wp-content\/uploads\/2025\/12\/reis_orient_26ocietat-scaled.jpg 1687w\" sizes=\"(max-width: 675px) 100vw, 675px\" \/><\/figure>\n\n\n\n<figure class=\"wp-block-image size-large\"><img loading=\"lazy\" width=\"768\" height=\"1024\" src=\"https:\/\/bisbalpenedes.com\/web\/wp-content\/uploads\/2026\/01\/CAVALCADA-768x1024.jpeg\" alt=\"\" class=\"wp-image-35781\" srcset=\"https:\/\/bisbalpenedes.com\/web\/wp-content\/uploads\/2026\/01\/CAVALCADA-768x1024.jpeg 768w, https:\/\/bisbalpenedes.com\/web\/wp-content\/uploads\/2026\/01\/CAVALCADA-225x300.jpeg 225w, https:\/\/bisbalpenedes.com\/web\/wp-content\/uploads\/2026\/01\/CAVALCADA-600x800.jpeg 600w, https:\/\/bisbalpenedes.com\/web\/wp-content\/uploads\/2026\/01\/CAVALCADA.jpeg 900w\" sizes=\"(max-width: 768px) 100vw, 768px\" \/><\/figure>\n\n\n\n<figure class=\"wp-block-image size-large\"><img loading=\"lazy\" width=\"1024\" height=\"576\" src=\"https:\/\/bisbalpenedes.com\/web\/wp-content\/uploads\/2026\/01\/FPjiyvMWQAAHM0d-1024x576.jpeg\" alt=\"\" class=\"wp-image-35782\" srcset=\"https:\/\/bisbalpenedes.com\/web\/wp-content\/uploads\/2026\/01\/FPjiyvMWQAAHM0d-1024x576.jpeg 1024w, https:\/\/bisbalpenedes.com\/web\/wp-content\/uploads\/2026\/01\/FPjiyvMWQAAHM0d-300x169.jpeg 300w, https:\/\/bisbalpenedes.com\/web\/wp-content\/uploads\/2026\/01\/FPjiyvMWQAAHM0d-768x432.jpeg 768w, https:\/\/bisbalpenedes.com\/web\/wp-content\/uploads\/2026\/01\/FPjiyvMWQAAHM0d-1536x864.jpeg 1536w, https:\/\/bisbalpenedes.com\/web\/wp-content\/uploads\/2026\/01\/FPjiyvMWQAAHM0d-600x338.jpeg 600w, https:\/\/bisbalpenedes.com\/web\/wp-content\/uploads\/2026\/01\/FPjiyvMWQAAHM0d.jpeg 1600w\" sizes=\"(max-width: 1024px) 100vw, 1024px\" \/><\/figure>\n","protected":false},"excerpt":{"rendered":"<p>Els Reis d&#8217;Orient ja estan de cam\u00ed! Aqu\u00ed us deixem el programa d&#8217;activitats i els horaris i dates de recollida dels enc\u00e0rrecs reials. \u00a1Los Reyes Magos ya est\u00e1n de camino! &hellip; <a href=\"https:\/\/bisbalpenedes.com\/web\/2025\/12\/30\/arriben-els-reis-dorient-programa-dactivitats-i-recollida-dencarrecs-reials\/\" class=\"more-link\">Read More<\/a><\/p>\n","protected":false},"author":4,"featured_media":35753,"comment_status":"closed","ping_status":"closed","sticky":false,"template":"","format":"standard","meta":[],"categories":[2942,13,8],"tags":[459,393,1374],"_links":{"self":[{"href":"https:\/\/bisbalpenedes.com\/web\/wp-json\/wp\/v2\/posts\/35752"}],"collection":[{"href":"https:\/\/bisbalpenedes.com\/web\/wp-json\/wp\/v2\/posts"}],"about":[{"href":"https:\/\/bisbalpenedes.com\/web\/wp-json\/wp\/v2\/types\/post"}],"author":[{"embeddable":true,"href":"https:\/\/bisbalpenedes.com\/web\/wp-json\/wp\/v2\/users\/4"}],"replies":[{"embeddable":true,"href":"https:\/\/bisbalpenedes.com\/web\/wp-json\/wp\/v2\/comments?post=35752"}],"version-history":[{"count":4,"href":"https:\/\/bisbalpenedes.com\/web\/wp-json\/wp\/v2\/posts\/35752\/revisions"}],"predecessor-version":[{"id":35783,"href":"https:\/\/bisbalpenedes.com\/web\/wp-json\/wp\/v2\/posts\/35752\/revisions\/35783"}],"wp:featuredmedia":[{"embeddable":true,"href":"https:\/\/bisbalpenedes.com\/web\/wp-json\/wp\/v2\/media\/35753"}],"wp:attachment":[{"href":"https:\/\/bisbalpenedes.com\/web\/wp-json\/wp\/v2\/media?parent=35752"}],"wp:term":[{"taxonomy":"category","embeddable":true,"href":"https:\/\/bisbalpenedes.com\/web\/wp-json\/wp\/v2\/categories?post=35752"},{"taxonomy":"post_tag","embeddable":true,"href":"https:\/\/bisbalpenedes.com\/web\/wp-json\/wp\/v2\/tags?post=35752"}],"curies":[{"name":"wp","href":"https:\/\/api.w.org\/{rel}","templated":true}]}}