{"id":3574,"date":"2017-10-11T02:39:15","date_gmt":"2017-10-10T20:39:15","guid":{"rendered":"http:\/\/bisbalpenedes.com\/web\/?p=3574"},"modified":"2017-10-11T21:41:07","modified_gmt":"2017-10-11T15:41:07","slug":"a-partir-del-6-de-novembre-podeu-aprendre-idiomes-a-la-bisbal-gracies-al-conveni-que-ha-signat-lajuntament","status":"publish","type":"post","link":"https:\/\/bisbalpenedes.com\/web\/2017\/10\/11\/a-partir-del-6-de-novembre-podeu-aprendre-idiomes-a-la-bisbal-gracies-al-conveni-que-ha-signat-lajuntament\/","title":{"rendered":"A partir del 6 de novembre podreu aprendre idiomes a La Bisbal gr\u00e0cies al conveni que ha signat l&#8217;Ajuntament"},"content":{"rendered":"<p><a href=\"http:\/\/bisbalpenedes.com\/web\/wp-content\/uploads\/2017\/10\/presentacioescolaidiomes5.jpg\"><img loading=\"lazy\" class=\"aligncenter size-full wp-image-3615\" src=\"http:\/\/bisbalpenedes.com\/web\/wp-content\/uploads\/2017\/10\/presentacioescolaidiomes5.jpg\" alt=\"presentacioescolaidiomes5\" width=\"1000\" height=\"750\" srcset=\"https:\/\/bisbalpenedes.com\/web\/wp-content\/uploads\/2017\/10\/presentacioescolaidiomes5.jpg 1000w, https:\/\/bisbalpenedes.com\/web\/wp-content\/uploads\/2017\/10\/presentacioescolaidiomes5-600x450.jpg 600w, https:\/\/bisbalpenedes.com\/web\/wp-content\/uploads\/2017\/10\/presentacioescolaidiomes5-300x225.jpg 300w, https:\/\/bisbalpenedes.com\/web\/wp-content\/uploads\/2017\/10\/presentacioescolaidiomes5-768x576.jpg 768w\" sizes=\"(max-width: 1000px) 100vw, 1000px\" \/><\/a><\/p>\n<p>L\u2019Ajuntament de La Bisbal del Pened\u00e8s ha aprovat un conveni de col\u00b7laboraci\u00f3 entre l\u2019Ajuntament de la Bisbal del Pened\u00e8s i Language Consultant SL per la implantaci\u00f3 d\u2019una Escola d\u2019Idiomes a La Bisbal.<\/p>\n<p>El curs comen\u00e7ar\u00e0 el 6 de novembre i aquest dimarts 10 d&#8217;octubre ha tingut lloc una reuni\u00f3 informativa a l\u2019Auditori Salb\u00e0 del CMC. Les inscripcions ja s\u2019han obert i, per a m\u00e9s informaci\u00f3, cal que us adreceu a Punt de Partida, al tel\u00e8fon 877 01 39 35 o al correu electr\u00f2nic <a href=\"mailto:admissions@puntdepartida.cat\">admissions@puntdepartida.cat<\/a>. Tamb\u00e9 podeu entrar al web <a href=\"http:\/\/www.puntdepartida.cat\">www.puntdepartida.cat<\/a><\/p>\n<p>El conveni consisteix en la cessi\u00f3 d\u2019un espai, per part de l\u2019Ajuntament, per a la col\u00b7laboraci\u00f3 en la promoci\u00f3, organitzaci\u00f3, foment i suport de l\u2019aprenentatge d\u2019idiomes, ja que l\u2019empresa Language Consultants, S.L. t\u00e9 previst implantar l\u2019Escola d\u2019Idiomes, partint de l\u2019ensenyament dels idiomes angl\u00e8s, franc\u00e8s i alemany, podent-se ampliar l\u2019oferta a altres idiomes si la demanda ho requereix. Aix\u00ed, l\u2019Ajuntament col\u00b7labora amb l\u2019empresa fomentant i donant suport a l\u2019aprenentatge d\u2019idiomes perqu\u00e8 els vilatans puguin gaudir-ne a un preu redu\u00eft de 28\u20ac mensuals.<\/p>\n<p>L\u2019empresa contractar\u00e0 el professorat necessari per donar el servei pels diferents grups. Cada grup podr\u00e0 tenir un m\u00e0xim de 15 alumnes i far\u00e0 dues classes setmanals, de 55 minuts cadascuna. Els alumnes poden ser nens a partir de 6 anys o adults i, a l\u2019inici del curs, es realitzar\u00e0 una prova de nivell a tots els alumnes amb la finalitat de formar els grups.<\/p>\n<p>A m\u00e9s, els alumnes que aix\u00ed ho desitgin, pr\u00e8via comunicaci\u00f3 al servei docent, podran optar als ex\u00e0mens oficials per obtenir els certificats reconeguts pel Ministeri d\u2019Educaci\u00f3 (A1, A2, B1, B2 i C1). Aquests alumnes hauran d\u2019abonar la quantitat econ\u00f2mica establerta pels drets d\u2019examen.<\/p>\n<p>Val a dir que l\u2019Ajuntament tamb\u00e9 ha aprovat un conveni de col\u00b7laboraci\u00f3 amb l\u2019Escola Ull de Vent per l\u2019\u00fas social de les seves instal\u00b7lacions perqu\u00e8 les classes es puguin fer en una aula de l\u2019escola antiga. L\u2019edifici \u00e9s del Departament d\u2019Ensenyament de la Generalitat i \u00e9s per aix\u00f2 que s\u2019ha signat un conveni amb l\u2019escola per poder utilitzar l\u2019entrada, els lavabos i una aula per fer les classes.<\/p>\n<p>&nbsp;<\/p>\n<p>(Foto: presentaci\u00f3 de l&#8217;Escola Municipal d&#8217;Idiomes amb Maguy Antol\u00edn, regidora d&#8217;Educaci\u00f3, i Joan Nebot, representant de Language Consultants S.L.)<\/p>\n","protected":false},"excerpt":{"rendered":"<p>L\u2019Ajuntament de La Bisbal del Pened\u00e8s ha aprovat un conveni de col\u00b7laboraci\u00f3 entre l\u2019Ajuntament de la Bisbal del Pened\u00e8s i Language Consultant SL per la implantaci\u00f3 d\u2019una Escola d\u2019Idiomes a &hellip; <a href=\"https:\/\/bisbalpenedes.com\/web\/2017\/10\/11\/a-partir-del-6-de-novembre-podeu-aprendre-idiomes-a-la-bisbal-gracies-al-conveni-que-ha-signat-lajuntament\/\" class=\"more-link\">Read More<\/a><\/p>\n","protected":false},"author":4,"featured_media":2676,"comment_status":"closed","ping_status":"closed","sticky":false,"template":"","format":"standard","meta":[],"categories":[16],"tags":[835,834,194,65,838,836,840,833,837,839,222],"_links":{"self":[{"href":"https:\/\/bisbalpenedes.com\/web\/wp-json\/wp\/v2\/posts\/3574"}],"collection":[{"href":"https:\/\/bisbalpenedes.com\/web\/wp-json\/wp\/v2\/posts"}],"about":[{"href":"https:\/\/bisbalpenedes.com\/web\/wp-json\/wp\/v2\/types\/post"}],"author":[{"embeddable":true,"href":"https:\/\/bisbalpenedes.com\/web\/wp-json\/wp\/v2\/users\/4"}],"replies":[{"embeddable":true,"href":"https:\/\/bisbalpenedes.com\/web\/wp-json\/wp\/v2\/comments?post=3574"}],"version-history":[{"count":7,"href":"https:\/\/bisbalpenedes.com\/web\/wp-json\/wp\/v2\/posts\/3574\/revisions"}],"predecessor-version":[{"id":3618,"href":"https:\/\/bisbalpenedes.com\/web\/wp-json\/wp\/v2\/posts\/3574\/revisions\/3618"}],"wp:featuredmedia":[{"embeddable":true,"href":"https:\/\/bisbalpenedes.com\/web\/wp-json\/wp\/v2\/media\/2676"}],"wp:attachment":[{"href":"https:\/\/bisbalpenedes.com\/web\/wp-json\/wp\/v2\/media?parent=3574"}],"wp:term":[{"taxonomy":"category","embeddable":true,"href":"https:\/\/bisbalpenedes.com\/web\/wp-json\/wp\/v2\/categories?post=3574"},{"taxonomy":"post_tag","embeddable":true,"href":"https:\/\/bisbalpenedes.com\/web\/wp-json\/wp\/v2\/tags?post=3574"}],"curies":[{"name":"wp","href":"https:\/\/api.w.org\/{rel}","templated":true}]}}