{"id":35735,"date":"2025-12-29T16:22:35","date_gmt":"2025-12-29T14:22:35","guid":{"rendered":"https:\/\/bisbalpenedes.com\/web\/?p=35735"},"modified":"2025-12-30T21:13:11","modified_gmt":"2025-12-30T19:13:11","slug":"el-dia-11-de-gener-podreu-gaudir-del-concert-de-nadal-amb-prades-cor-a-lesglesia-de-santa-maria","status":"publish","type":"post","link":"https:\/\/bisbalpenedes.com\/web\/2025\/12\/29\/el-dia-11-de-gener-podreu-gaudir-del-concert-de-nadal-amb-prades-cor-a-lesglesia-de-santa-maria\/","title":{"rendered":"El dia 11 de gener podreu gaudir del concert de Nadal amb Prades Cor a l&#8217;esgl\u00e9sia de Santa Maria"},"content":{"rendered":"\n<p>El diumenge 11 de gener, a les 18.30h, l&#8217;esgl\u00e9sia de Santa Maria de la Bisbal del Pened\u00e8s acollir\u00e0 el concert de Nadal amb Prades Cor, amb Aitana Capseta a la trompeta, l&#8217;Orquestra S\u00edmfim i la direcci\u00f3 de Carles Capseta.<\/p>\n\n\n\n<p>Organitza: Associaci\u00f3 de Cors Antistiana<\/p>\n\n\n\n<hr class=\"wp-block-separator has-alpha-channel-opacity\"\/>\n\n\n\n<p>El domingo 11 de enero, a las 18:30h, la iglesia de Santa Maria de la Bisbal del Pened\u00e8s acoger\u00e1 el concierto de Navidad con Prades Cor, con Aitana Capseta a la trompeta, la Orquestra S\u00edmfim y la direcci\u00f3n de Carles Capseta.<\/p>\n\n\n\n<p>Organiza: Associaci\u00f3 de Cors Antistiana.<\/p>\n\n\n\n<figure class=\"wp-block-image size-large\"><img loading=\"lazy\" width=\"819\" height=\"1024\" src=\"https:\/\/bisbalpenedes.com\/web\/wp-content\/uploads\/2025\/12\/CONCERT-NADAL-PRADES-IG-819x1024.jpg\" alt=\"\" class=\"wp-image-35761\" srcset=\"https:\/\/bisbalpenedes.com\/web\/wp-content\/uploads\/2025\/12\/CONCERT-NADAL-PRADES-IG-819x1024.jpg 819w, https:\/\/bisbalpenedes.com\/web\/wp-content\/uploads\/2025\/12\/CONCERT-NADAL-PRADES-IG-240x300.jpg 240w, https:\/\/bisbalpenedes.com\/web\/wp-content\/uploads\/2025\/12\/CONCERT-NADAL-PRADES-IG-768x960.jpg 768w, https:\/\/bisbalpenedes.com\/web\/wp-content\/uploads\/2025\/12\/CONCERT-NADAL-PRADES-IG-600x750.jpg 600w, https:\/\/bisbalpenedes.com\/web\/wp-content\/uploads\/2025\/12\/CONCERT-NADAL-PRADES-IG.jpg 1080w\" sizes=\"(max-width: 819px) 100vw, 819px\" \/><\/figure>\n","protected":false},"excerpt":{"rendered":"<p>El diumenge 11 de gener, a les 18.30h, l&#8217;esgl\u00e9sia de Santa Maria de la Bisbal del Pened\u00e8s acollir\u00e0 el concert de Nadal amb Prades Cor, amb Aitana Capseta a la &hellip; <a href=\"https:\/\/bisbalpenedes.com\/web\/2025\/12\/29\/el-dia-11-de-gener-podreu-gaudir-del-concert-de-nadal-amb-prades-cor-a-lesglesia-de-santa-maria\/\" class=\"more-link\">Read More<\/a><\/p>\n","protected":false},"author":4,"featured_media":35731,"comment_status":"closed","ping_status":"closed","sticky":false,"template":"","format":"standard","meta":[],"categories":[2942,13,8],"tags":[459,73,393,1109],"_links":{"self":[{"href":"https:\/\/bisbalpenedes.com\/web\/wp-json\/wp\/v2\/posts\/35735"}],"collection":[{"href":"https:\/\/bisbalpenedes.com\/web\/wp-json\/wp\/v2\/posts"}],"about":[{"href":"https:\/\/bisbalpenedes.com\/web\/wp-json\/wp\/v2\/types\/post"}],"author":[{"embeddable":true,"href":"https:\/\/bisbalpenedes.com\/web\/wp-json\/wp\/v2\/users\/4"}],"replies":[{"embeddable":true,"href":"https:\/\/bisbalpenedes.com\/web\/wp-json\/wp\/v2\/comments?post=35735"}],"version-history":[{"count":2,"href":"https:\/\/bisbalpenedes.com\/web\/wp-json\/wp\/v2\/posts\/35735\/revisions"}],"predecessor-version":[{"id":35762,"href":"https:\/\/bisbalpenedes.com\/web\/wp-json\/wp\/v2\/posts\/35735\/revisions\/35762"}],"wp:featuredmedia":[{"embeddable":true,"href":"https:\/\/bisbalpenedes.com\/web\/wp-json\/wp\/v2\/media\/35731"}],"wp:attachment":[{"href":"https:\/\/bisbalpenedes.com\/web\/wp-json\/wp\/v2\/media?parent=35735"}],"wp:term":[{"taxonomy":"category","embeddable":true,"href":"https:\/\/bisbalpenedes.com\/web\/wp-json\/wp\/v2\/categories?post=35735"},{"taxonomy":"post_tag","embeddable":true,"href":"https:\/\/bisbalpenedes.com\/web\/wp-json\/wp\/v2\/tags?post=35735"}],"curies":[{"name":"wp","href":"https:\/\/api.w.org\/{rel}","templated":true}]}}