{"id":35661,"date":"2025-12-18T10:02:07","date_gmt":"2025-12-18T08:02:07","guid":{"rendered":"https:\/\/bisbalpenedes.com\/web\/?p=35661"},"modified":"2025-12-18T10:02:08","modified_gmt":"2025-12-18T08:02:08","slug":"ja-podeu-passar-a-recollir-el-calendari-2026-per-lajuntament-2","status":"publish","type":"post","link":"https:\/\/bisbalpenedes.com\/web\/2025\/12\/18\/ja-podeu-passar-a-recollir-el-calendari-2026-per-lajuntament-2\/","title":{"rendered":"Ja podeu passar a recollir el calendari 2026 per l&#8217;Ajuntament"},"content":{"rendered":"\n<p>Ja podeu passar a recollir el calendari 2026 per l&#8217;Ajuntament!<\/p>\n\n\n\n<p>Un <a><\/a>any m\u00e9s, l&#8217;Ajuntament de la Bisbal del Pened\u00e8s ha editat un calendari, enguany amb fotografies de tres entitats que estan de celebraci\u00f3:<\/p>\n\n\n\n<ul><li>50 anys dels gegants de la <a href=\"https:\/\/www.facebook.com\/profile.php?id=100064894561927&amp;__cft__[0]=AZatPW_wNdfBoatxQ52heCboJVMzWUZeHiQhJGe-Rjc2qyYL527dWyw5aiH3_u8HKckqIxfqYpKN8jzFFjUisDvxnXG235fBDXKjoQYUPIK4U05LezcSjhGpKUasSr1ldTK_mHxMmZgEMCl2UpfITAUBJID0nPiLCBSgTAPEoENtyGt9qDS_SaCfWgyF0lbCghQ&amp;__tn__=-]K-R\">Societat<\/a>, el Sebasti\u00e0 i la Margarida<\/li><li>20 anys del <a href=\"https:\/\/www.facebook.com\/balldiables.bisbalpenedes?__cft__[0]=AZatPW_wNdfBoatxQ52heCboJVMzWUZeHiQhJGe-Rjc2qyYL527dWyw5aiH3_u8HKckqIxfqYpKN8jzFFjUisDvxnXG235fBDXKjoQYUPIK4U05LezcSjhGpKUasSr1ldTK_mHxMmZgEMCl2UpfITAUBJID0nPiLCBSgTAPEoENtyGt9qDS_SaCfWgyF0lbCghQ&amp;__tn__=-]K-R\">Ball de Diables de la Bisbal del Pened\u00e8s<\/a><\/li><li>10 anys de la <a href=\"https:\/\/www.facebook.com\/profile.php?id=100077494316868&amp;__cft__[0]=AZatPW_wNdfBoatxQ52heCboJVMzWUZeHiQhJGe-Rjc2qyYL527dWyw5aiH3_u8HKckqIxfqYpKN8jzFFjUisDvxnXG235fBDXKjoQYUPIK4U05LezcSjhGpKUasSr1ldTK_mHxMmZgEMCl2UpfITAUBJID0nPiLCBSgTAPEoENtyGt9qDS_SaCfWgyF0lbCghQ&amp;__tn__=-]K-R\">Colla Castellera La Bisbal del Pened\u00e8s Els Bous<\/a><\/li><\/ul>\n\n\n\n<p>Com cada any, se n&#8217;entregar\u00e0 un per habitatge.<\/p>\n\n\n\n<hr class=\"wp-block-separator has-alpha-channel-opacity\"\/>\n\n\n\n<p>\u00a1Ya pod\u00e9is pasar a recoger el calendario 2023 por el Ayuntamiento!<\/p>\n\n\n\n<p>Un a\u00f1o m\u00e1s, el Ayuntamiento de la Bisbal del Pened\u00e8s ha editado un calendario, este a\u00f1o con fotograf\u00edas de tres entidades que est\u00e1n de celebraci\u00f3n:<\/p>\n\n\n\n<ul><li>50 a\u00f1os de los gegants de la Societat, Sebasti\u00e0 y Margarida<\/li><li>20 a\u00f1os del Ball de Diables de la Bisbal del Pened\u00e8s<\/li><li>10 a\u00f1os de la Colla Castellera La Bisbal del Pened\u00e8s Els Bous<\/li><\/ul>\n\n\n\n<p>Como cada a\u00f1o, se entregar\u00e1 un calendario por vivienda.<\/p>\n","protected":false},"excerpt":{"rendered":"<p>Ja podeu passar a recollir el calendari 2026 per l&#8217;Ajuntament! Un any m\u00e9s, l&#8217;Ajuntament de la Bisbal del Pened\u00e8s ha editat un calendari, enguany amb fotografies de tres entitats que &hellip; <a href=\"https:\/\/bisbalpenedes.com\/web\/2025\/12\/18\/ja-podeu-passar-a-recollir-el-calendari-2026-per-lajuntament-2\/\" class=\"more-link\">Read More<\/a><\/p>\n","protected":false},"author":4,"featured_media":35658,"comment_status":"closed","ping_status":"closed","sticky":false,"template":"","format":"standard","meta":[],"categories":[2402,8],"tags":[216,2180,378,7292,3977,7295,2780,393,7294],"_links":{"self":[{"href":"https:\/\/bisbalpenedes.com\/web\/wp-json\/wp\/v2\/posts\/35661"}],"collection":[{"href":"https:\/\/bisbalpenedes.com\/web\/wp-json\/wp\/v2\/posts"}],"about":[{"href":"https:\/\/bisbalpenedes.com\/web\/wp-json\/wp\/v2\/types\/post"}],"author":[{"embeddable":true,"href":"https:\/\/bisbalpenedes.com\/web\/wp-json\/wp\/v2\/users\/4"}],"replies":[{"embeddable":true,"href":"https:\/\/bisbalpenedes.com\/web\/wp-json\/wp\/v2\/comments?post=35661"}],"version-history":[{"count":1,"href":"https:\/\/bisbalpenedes.com\/web\/wp-json\/wp\/v2\/posts\/35661\/revisions"}],"predecessor-version":[{"id":35662,"href":"https:\/\/bisbalpenedes.com\/web\/wp-json\/wp\/v2\/posts\/35661\/revisions\/35662"}],"wp:featuredmedia":[{"embeddable":true,"href":"https:\/\/bisbalpenedes.com\/web\/wp-json\/wp\/v2\/media\/35658"}],"wp:attachment":[{"href":"https:\/\/bisbalpenedes.com\/web\/wp-json\/wp\/v2\/media?parent=35661"}],"wp:term":[{"taxonomy":"category","embeddable":true,"href":"https:\/\/bisbalpenedes.com\/web\/wp-json\/wp\/v2\/categories?post=35661"},{"taxonomy":"post_tag","embeddable":true,"href":"https:\/\/bisbalpenedes.com\/web\/wp-json\/wp\/v2\/tags?post=35661"}],"curies":[{"name":"wp","href":"https:\/\/api.w.org\/{rel}","templated":true}]}}