{"id":3566,"date":"2017-10-05T02:42:16","date_gmt":"2017-10-04T20:42:16","guid":{"rendered":"http:\/\/bisbalpenedes.com\/web\/?p=3566"},"modified":"2017-10-05T02:45:52","modified_gmt":"2017-10-04T20:45:52","slug":"sobre-la-convocatoria-de-les-subvencions-per-les-excursions-i-colonies-escolars-per-a-les-families-en-situacions-socioeconomiques-desafavorides","status":"publish","type":"post","link":"https:\/\/bisbalpenedes.com\/web\/2017\/10\/05\/sobre-la-convocatoria-de-les-subvencions-per-les-excursions-i-colonies-escolars-per-a-les-families-en-situacions-socioeconomiques-desafavorides\/","title":{"rendered":"S&#8217;obre la convocat\u00f2ria perqu\u00e8 les fam\u00edlies en situacions socioecon\u00f2miques desafavorides puguin acollir-se a les subvencions per a les excursions i col\u00f2nies escolars"},"content":{"rendered":"<p><strong>L&#8217;Ajuntament de La Bisbal del Pened\u00e8s ha obert la convocat\u00f2ria per a demanar les subvencions d&#8217;Educaci\u00f3 per a fam\u00edlies en situacions socioecon\u00f2miques desafavorides per excursions i col\u00f2nies escolars durant el curs 2017-2018\u00a0<\/strong><strong><br \/>\n<\/strong><br \/>\n<u>Termini presentaci\u00f3 sol\u00b7licituds<\/u>: del <strong>4 al 18 d\u2019octubre.<\/strong><br \/>\nSubvenci\u00f3 adre\u00e7ada\u00a0a fam\u00edlies amb fills a l\u2019escola Ull de Vent i l\u2019institut Coster la Torre que compleixin els seg\u00fcents <u>requisits<\/u>:<\/p>\n<p style=\"padding-left: 30px;\">a) Estar empadronades en el municipi de La Bisbal del Pened\u00e8s (tant el pare, la mare i el fill com en el cas de fam\u00edlies monoparentals el pare o la mare i el fill, en sup\u00f2sits especials el tutor o tutora legal).<br \/>\nb) Tenir fills i filles matriculats en qualsevol dels cursos dels ensenyaments de prim\u00e0ria i secund\u00e0ria obligat\u00f2ria, durant el curs 2017-2018, en els centres escolars de titularitat p\u00fablica del municipi de La Bisbal del Pened\u00e8s.<br \/>\nc) Tenir una renda per c\u00e0pita neta mensual de manteniment no superior a la definida per la Llei de pressupostos de la Generalitat de Catalunya per a l\u2019exercici 2016 en relaci\u00f3 amb l\u2019indicador de renda de sufici\u00e8ncia de Catalunya (569,12\u20ac mensuals) multiplicada per 1,2 (682,94\u20ac).<\/p>\n<p style=\"padding-left: 90px;\">Per a establir els l\u00edmits familiars segons la composici\u00f3 de les diverses llars s\u2019utilitzar\u00e0 la seg\u00fcent f\u00f3rmula de c\u00e0lcul:<\/p>\n<p style=\"padding-left: 120px;\">&#8211; Per a cada adult de m\u00e9s a la llar: + 0,5 IRSC (284,56\u20ac).<br \/>\n&#8211; Per a cada menor de m\u00e9s a la llar: + 0,3 IRSC (170,74\u20ac).<\/p>\n<p style=\"padding-left: 90px;\">Aix\u00ed doncs, la taula de correspond\u00e8ncies entre rendes familiars m\u00e0ximes per unitat familiar \u00e9s la seg\u00fcent:<\/p>\n<p style=\"padding-left: 120px;\">Unitat familiar Ingressos mensuals (integres)<br \/>\nUn adult i un menor 853,68 \u20ac<br \/>\nUn adult i dos menor 1.024,42\u20ac<br \/>\nUn adult i tres menors 1.195,16\u20ac<br \/>\nDos adults i un menor 1.138,24\u20ac<br \/>\nDos adults i dos menors 1.308,98\u20ac<br \/>\nDos adults i tres menors 1.479,72\u20ac<br \/>\nTres adults i un menor 1.422,80\u20ac<br \/>\nTres adults i dos menors 1.593,54\u20ac<br \/>\nTres adults i tres menors 1.764,28\u20ac<\/p>\n<p style=\"padding-left: 30px;\">d) No ser titular en r\u00e8gim de propietat o copropietat de m\u00e9s d\u2019un habitatge.<br \/>\ne) No percebre cap altre ajut provinent d\u2019altres administracions p\u00fabliques que cobreixin totalment el cost de l\u2019activitat servei<br \/>\nf) No podran ser declarats com a beneficiaris si anteriorment han sigut reconeguts com a tals amb convocat\u00f2ries anteriors.<\/p>\n<p>Per a obtenir la condici\u00f3 de beneficiari, no s\u2019ha d\u2019acreditar el compliment dels requisits que estableix l&#8217;article 13.2 de la Llei 38-2003, de 17 de novembre, general de subvencions, i conseq\u00fcentment els sol\u00b7licitants estaran eximits de la presentaci\u00f3 de la documentaci\u00f3 contemplada en l\u2019apartat j) de l\u2019article 11 de l\u2019Ordenan\u00e7a General de Subvencions de l\u2019Ajuntament de La Bisbal del Pened\u00e8s.<\/p>\n<p><u>Quantia de l\u2019ajuda<\/u><br \/>\nL\u2019import de la subvenci\u00f3 es correspondr\u00e0 amb l\u2019import per alumne que representi el 50% del cost de les excursions i col\u00f2nies escolars amb uns m\u00e0xims per curs.<br \/>\nQuantitats m\u00e0ximes per curs per prim\u00e0ria: (Escola Ull de Vent)<br \/>\nP3 i P4: 50\u20ac per curs<br \/>\nP5 a 6\u00e8 prim\u00e0ria: 120\u20ac per curs<br \/>\nQuantitat m\u00e0xima per curs per institut (IES Coster de la Torre): 150\u20ac per curs<\/p>\n<p><u>Documentaci\u00f3 a presentar amb la sol\u00b7licitud<\/u><\/p>\n<p style=\"padding-left: 30px;\">a) Document Nacional Identitat, NIE o Passaport del pare i la mare, o tutor-a legal.<br \/>\nb) Llibre de Fam\u00edlia.<br \/>\nc) Membres que conviuen en el domicili, es far\u00e0 constar en la mateixa sol\u00b7licitud segons model normalitzat.<br \/>\nd) Declaraci\u00f3 d\u2019Ingressos de tots els membres de la unitat de conviv\u00e8ncia majors de 16 anys. S\u2019haur\u00e0 de presentar la Declaraci\u00f3 de la renda 2015 o certificat d\u2019imputacions de rendes per al cas que no estigui obligat a presentar declaraci\u00f3, certificat pensi\u00f3 INSS, o d\u2019altres pensions o certificat negatiu i certificat d\u2019alta o negatiu de la Seguretat Social.<br \/>\ne) Declaraci\u00f3 responsable de no variaci\u00f3 d\u2019ingressos respecte a l\u2019any anterior. Aquesta declaraci\u00f3 no exclou l\u2019obligaci\u00f3 de presentar la documentaci\u00f3 fixada a la lletra d) anterior.<br \/>\nf) En cas de separaci\u00f3 o divorci conveni regulador i den\u00fancia d&#8217;incompliment si no es percep. En el cas de no existir sent\u00e8ncia per estar en tr\u00e0mit el procediment, s\u2019aportar\u00e0 testimoni de l\u2019auto d\u2019admissi\u00f3 a tr\u00e0mit de la demanda o c\u00e8dula d\u2019empla\u00e7ament. En situacions administratives especials (acollida, etc,) es podr\u00e0 requerir la documentaci\u00f3 necess\u00e0ria que permeti valorar convenientment la situaci\u00f3 del nen-a.<br \/>\ng) Certificat de discapacitat.<br \/>\nh) Carnet de fam\u00edlia nombrosa, o fam\u00edlia monoparental, si \u00e9s el cas.<br \/>\ni) Declaraci\u00f3 responsable de no tenir m\u00e9s d\u2019un immoble en r\u00e8gim de propietat o copropietat per part de la totalitat dels membres de la unitat de conviv\u00e8ncia.<br \/>\nj) Declaraci\u00f3 responsable de no percebre ni haver sol\u00b7licitat cap altre ajut pel mateix concepte i-o comprom\u00eds de desistiment en el cas d&#8217;atorgament.<br \/>\nk) Autoritzaci\u00f3 de cessi\u00f3 i tractament de dades de car\u00e0cter personal, es far\u00e0 constar en la mateixa sol\u00b7licitud segons model normalitzat.<\/p>\n","protected":false},"excerpt":{"rendered":"<p>L&#8217;Ajuntament de La Bisbal del Pened\u00e8s ha obert la convocat\u00f2ria per a demanar les subvencions d&#8217;Educaci\u00f3 per a fam\u00edlies en situacions socioecon\u00f2miques desafavorides per excursions i col\u00f2nies escolars durant el &hellip; <a href=\"https:\/\/bisbalpenedes.com\/web\/2017\/10\/05\/sobre-la-convocatoria-de-les-subvencions-per-les-excursions-i-colonies-escolars-per-a-les-families-en-situacions-socioeconomiques-desafavorides\/\" class=\"more-link\">Read More<\/a><\/p>\n","protected":false},"author":4,"featured_media":2174,"comment_status":"closed","ping_status":"closed","sticky":false,"template":"","format":"standard","meta":[],"categories":[16],"tags":[564,827,563,227,826],"_links":{"self":[{"href":"https:\/\/bisbalpenedes.com\/web\/wp-json\/wp\/v2\/posts\/3566"}],"collection":[{"href":"https:\/\/bisbalpenedes.com\/web\/wp-json\/wp\/v2\/posts"}],"about":[{"href":"https:\/\/bisbalpenedes.com\/web\/wp-json\/wp\/v2\/types\/post"}],"author":[{"embeddable":true,"href":"https:\/\/bisbalpenedes.com\/web\/wp-json\/wp\/v2\/users\/4"}],"replies":[{"embeddable":true,"href":"https:\/\/bisbalpenedes.com\/web\/wp-json\/wp\/v2\/comments?post=3566"}],"version-history":[{"count":3,"href":"https:\/\/bisbalpenedes.com\/web\/wp-json\/wp\/v2\/posts\/3566\/revisions"}],"predecessor-version":[{"id":3570,"href":"https:\/\/bisbalpenedes.com\/web\/wp-json\/wp\/v2\/posts\/3566\/revisions\/3570"}],"wp:featuredmedia":[{"embeddable":true,"href":"https:\/\/bisbalpenedes.com\/web\/wp-json\/wp\/v2\/media\/2174"}],"wp:attachment":[{"href":"https:\/\/bisbalpenedes.com\/web\/wp-json\/wp\/v2\/media?parent=3566"}],"wp:term":[{"taxonomy":"category","embeddable":true,"href":"https:\/\/bisbalpenedes.com\/web\/wp-json\/wp\/v2\/categories?post=3566"},{"taxonomy":"post_tag","embeddable":true,"href":"https:\/\/bisbalpenedes.com\/web\/wp-json\/wp\/v2\/tags?post=3566"}],"curies":[{"name":"wp","href":"https:\/\/api.w.org\/{rel}","templated":true}]}}