{"id":35641,"date":"2025-12-18T08:24:42","date_gmt":"2025-12-18T06:24:42","guid":{"rendered":"https:\/\/bisbalpenedes.com\/web\/?p=35641"},"modified":"2025-12-18T08:24:43","modified_gmt":"2025-12-18T06:24:43","slug":"la-consellera-deconomia-i-finances-ha-anunciat-la-publicacio-de-la-licitacio-del-pla-director-urbanistic-didiada-2","status":"publish","type":"post","link":"https:\/\/bisbalpenedes.com\/web\/2025\/12\/18\/la-consellera-deconomia-i-finances-ha-anunciat-la-publicacio-de-la-licitacio-del-pla-director-urbanistic-didiada-2\/","title":{"rendered":"<strong>La Consellera d&#8217;Economia i Finances ha anunciat la publicaci\u00f3 de la licitaci\u00f3 del Pla Director Urban\u00edstic d&#8217;IDIADA 2<\/strong>"},"content":{"rendered":"\n<p>La consellera d\u2019Economia i Finances de la Generalitat de Catalunya, Al\u00edcia Romero, ha presentat aquest dilluns 15 de desembre al Consell Comarcal del Baix Pened\u00e8s els aven\u00e7os del projecte IDIADA 2, en el marc del Consell d\u2019Alcaldes de la comarca.<\/p>\n\n\n\n<p>A la reuni\u00f3 hi ha assistit l\u2019alcaldessa accidental de l\u2019Ajuntament de la Bisbal del Pened\u00e8s, Judith Vidal, juntament amb la resta d\u2019alcaldes i alcaldesses del Baix Pened\u00e8s. La consellera ha estat acompanyada pel delegat del Govern al Pened\u00e8s, Llu\u00eds Valls, i pel director general del Patrimoni, Jonatan Farreras.<\/p>\n\n\n\n<p>Durant la seva intervenci\u00f3, Al\u00edcia Romero ha anunciat que s&#8217;ha publicat la licitaci\u00f3 del Pla Director Urban\u00edstic (PDU) d\u2019IDIADA 2, un pas que permet iniciar formalment el desenvolupament d\u2019aquest projecte estrat\u00e8gic. La consellera tamb\u00e9 ha confirmat que es descarta definitivament l\u2019opci\u00f3 del Logis Pened\u00e8s i que el Govern aposta de manera clara per IDIADA 2 com a motor de desenvolupament econ\u00f2mic i tecnol\u00f2gic del Pened\u00e8s.<\/p>\n\n\n\n<p>El projecte IDIADA 2 preveu una superf\u00edcie de 405 hect\u00e0rees i se centrar\u00e0 en el desenvolupament del vehicle aut\u00f2nom i connectat, amb l\u2019objectiu de consolidar Catalunya com a referent europeu en innovaci\u00f3 i mobilitat avan\u00e7ada. L\u2019aprovaci\u00f3 definitiva del projecte est\u00e0 prevista abans que finalitzi l\u2019actual legislatura.<\/p>\n\n\n\n<p>Per la seva banda, Jonatan Farreras ha destacat que el model de desenvolupament replicar\u00e0 l\u2019\u00e8xit d\u2019IDIADA 1 i que es treballar\u00e0 de manera consensuada amb el territori, amb la voluntat de millorar indicadors com el PIB per c\u00e0pita, l\u2019ocupaci\u00f3 i la diversificaci\u00f3 econ\u00f2mica del Baix Pened\u00e8s.<\/p>\n\n\n\n<p>El president del Consell Comarcal del Baix Pened\u00e8s, Ramon Ferr\u00e9, ha valorat molt positivament la trobada i ha remarcat que \u201cIDIADA 2 representa una oportunitat clau per al futur de la comarca, tant pel que fa a la creaci\u00f3 d\u2019ocupaci\u00f3 de qualitat com a la consolidaci\u00f3 del Baix Pened\u00e8s com a territori estrat\u00e8gic dins les din\u00e0miques econ\u00f2miques del pa\u00eds\u201d.<br><br><sup>*Foto: Consell Comarcal del Baix Pened\u00e8s<\/sup><\/p>\n\n\n\n<hr class=\"wp-block-separator has-alpha-channel-opacity\"\/>\n\n\n\n<h4><strong>La consellera de Econom\u00eda y Finanzas ha anunciado la publicaci\u00f3n de la licitaci\u00f3n del Plan Director Urban\u00edstico de IDIADA 2<\/strong><\/h4>\n\n\n\n<p>La consellera de Econom\u00eda y Finanzas de la Generalitat de Catalunya, Al\u00edcia Romero, ha presentado este lunes 15 de diciembre en el Consell Comarcal del Baix Pened\u00e8s los avances del proyecto IDIADA 2, en el marco del Consell d\u2019Alcaldes de la comarca.<\/p>\n\n\n\n<p>A la reuni\u00f3n ha asistido la alcaldesa accidental del Ajuntament de la Bisbal del Pened\u00e8s, Judith Vidal, junto con el resto de alcaldes y alcaldesas del Baix Pened\u00e8s. La consellera ha estado acompa\u00f1ada por el delegado del Govern en el Pened\u00e8s, Llu\u00eds Valls, y por el director general del Patrimoni, Jonatan Farreras.<\/p>\n\n\n\n<p>Durante su intervenci\u00f3n, Al\u00edcia Romero ha anunciado que se ha publicado la licitaci\u00f3n del Plan Director Urban\u00edstico (PDU) de IDIADA 2, un paso que permite iniciar formalmente el desarrollo de este proyecto estrat\u00e9gico. La consellera tambi\u00e9n ha confirmado que se descarta definitivamente la opci\u00f3n del Logis Pened\u00e8s y que el Govern apuesta de manera clara por IDIADA 2 como motor de desarrollo econ\u00f3mico y tecnol\u00f3gico del Pened\u00e8s.<\/p>\n\n\n\n<p>El proyecto IDIADA 2 prev\u00e9 una superficie de 405 hect\u00e1reas y se centrar\u00e1 en el desarrollo del veh\u00edculo aut\u00f3nomo y conectado, con el objetivo de consolidar Catalunya como referente europeo en innovaci\u00f3n y movilidad avanzada. La aprobaci\u00f3n definitiva del proyecto est\u00e1 prevista antes de que finalice la actual legislatura.<\/p>\n\n\n\n<p>Por su parte, Jonatan Farreras ha destacado que el modelo de desarrollo replicar\u00e1 el \u00e9xito de IDIADA 1 y que se trabajar\u00e1 de manera consensuada con el territorio, con la voluntad de mejorar indicadores como el PIB per c\u00e1pita, el empleo y la diversificaci\u00f3n econ\u00f3mica del Baix Pened\u00e8s.<\/p>\n\n\n\n<p>El presidente del Consell Comarcal del Baix Pened\u00e8s, Ramon Ferr\u00e9, ha valorado muy positivamente el encuentro y ha subrayado que \u201cIDIADA 2 representa una oportunidad clave para el futuro de la comarca, tanto en lo que respecta a la creaci\u00f3n de empleo de calidad como a la consolidaci\u00f3n del Baix Pened\u00e8s como territorio estrat\u00e9gico dentro de las din\u00e1micas econ\u00f3micas del pa\u00eds\u201d.<\/p>\n","protected":false},"excerpt":{"rendered":"<p>La consellera d\u2019Economia i Finances de la Generalitat de Catalunya, Al\u00edcia Romero, ha presentat aquest dilluns 15 de desembre al Consell Comarcal del Baix Pened\u00e8s els aven\u00e7os del projecte IDIADA &hellip; <a href=\"https:\/\/bisbalpenedes.com\/web\/2025\/12\/18\/la-consellera-deconomia-i-finances-ha-anunciat-la-publicacio-de-la-licitacio-del-pla-director-urbanistic-didiada-2\/\" class=\"more-link\">Read More<\/a><\/p>\n","protected":false},"author":4,"featured_media":35642,"comment_status":"closed","ping_status":"closed","sticky":false,"template":"","format":"standard","meta":[],"categories":[2057,3822,8],"tags":[459,7291,393,1374],"_links":{"self":[{"href":"https:\/\/bisbalpenedes.com\/web\/wp-json\/wp\/v2\/posts\/35641"}],"collection":[{"href":"https:\/\/bisbalpenedes.com\/web\/wp-json\/wp\/v2\/posts"}],"about":[{"href":"https:\/\/bisbalpenedes.com\/web\/wp-json\/wp\/v2\/types\/post"}],"author":[{"embeddable":true,"href":"https:\/\/bisbalpenedes.com\/web\/wp-json\/wp\/v2\/users\/4"}],"replies":[{"embeddable":true,"href":"https:\/\/bisbalpenedes.com\/web\/wp-json\/wp\/v2\/comments?post=35641"}],"version-history":[{"count":1,"href":"https:\/\/bisbalpenedes.com\/web\/wp-json\/wp\/v2\/posts\/35641\/revisions"}],"predecessor-version":[{"id":35643,"href":"https:\/\/bisbalpenedes.com\/web\/wp-json\/wp\/v2\/posts\/35641\/revisions\/35643"}],"wp:featuredmedia":[{"embeddable":true,"href":"https:\/\/bisbalpenedes.com\/web\/wp-json\/wp\/v2\/media\/35642"}],"wp:attachment":[{"href":"https:\/\/bisbalpenedes.com\/web\/wp-json\/wp\/v2\/media?parent=35641"}],"wp:term":[{"taxonomy":"category","embeddable":true,"href":"https:\/\/bisbalpenedes.com\/web\/wp-json\/wp\/v2\/categories?post=35641"},{"taxonomy":"post_tag","embeddable":true,"href":"https:\/\/bisbalpenedes.com\/web\/wp-json\/wp\/v2\/tags?post=35641"}],"curies":[{"name":"wp","href":"https:\/\/api.w.org\/{rel}","templated":true}]}}